{"id":4148,"date":"2019-09-20T22:08:37","date_gmt":"2019-09-21T03:08:37","guid":{"rendered":"http:\/\/www.zonaroja.com.mx\/?p=4148"},"modified":"2019-09-20T22:08:40","modified_gmt":"2019-09-21T03:08:40","slug":"confirman-asesinato-de-joven-en-gasolineria-de-maria-lombardo","status":"publish","type":"post","link":"https:\/\/zonaroja.com.mx\/?p=4148","title":{"rendered":"Confirman asesinato de joven en gasoliner\u00eda de Mar\u00eda Lombardo"},"content":{"rendered":"\n<p>Redacci\u00f3n\/Zona\nRoja.<\/p>\n\n\n\n<p>Oaxaca de\nJu\u00e1rez, Oax., 20 de septiembre de 2019.- Un joven de aproximadamente 25 a\u00f1os de\nedad fue asesinado a balazos anoche en una gasoliner\u00eda ubicada en la comunidad\nde Mar\u00eda Lombardo de Caso, del municipio de San Juan Cotzoc\u00f3n, en la zona del\nbajo Mixe de Oaxaca.<\/p>\n\n\n\n<p>Fue\nalrededor de las 22:00 horas en que se perpetr\u00f3 el crimen, en la estaci\u00f3n de\nservicios \u201cR\u00edo Lalana\u201d, donde fue atacado el despachador de combustibles\nidentificado como Juan Carlos Z. V., por parte de al menos dos sujetos, que se\ndieron a la fuga.<\/p>\n\n\n\n<p>El hoy\nocciso era originario de la localidad de San Felipe Zihualtepec y hasta el\nmomento se desconoce qui\u00e9n o qui\u00e9nes fueron los autores del homicidio.<\/p>\n\n\n\n<p>OTRO EN\nJAMILTEPEC<\/p>\n\n\n\n<p>Mientras\ntanto, en Santiago Jamiltepec un transportista identificado como Andr\u00e9s Bernardino\ntambi\u00e9n fue ultimado a balazos.<\/p>\n\n\n\n<p>En el a\u00f1o\n2016 ya hab\u00eda sido tambi\u00e9n agredido a balazos y result\u00f3 herido; actualmente se\ndesempe\u00f1aba como despachador de un sitio de taxis. Sujetos desconocidos\narribaron al lugar, donde le dieron muerte.<\/p>\n","protected":false},"excerpt":{"rendered":"<p>Redacci\u00f3n\/Zona Roja. Oaxaca de Ju\u00e1rez, Oax., 20 de septiembre de 2019.- Un joven de aproximadamente&hellip;<\/p>\n","protected":false},"author":2,"featured_media":4149,"comment_status":"closed","ping_status":"open","sticky":false,"template":"","format":"standard","meta":{"_lmt_disableupdate":"","_lmt_disable":"","_jetpack_memberships_contains_paid_content":false,"footnotes":""},"categories":[109,51],"tags":[742],"class_list":["post-4148","post","type-post","status-publish","format-standard","has-post-thumbnail","hentry","category-minuto-a-minuto","category-zona-roja","tag-maria-lombardo-de-caso"],"jetpack_featured_media_url":"https:\/\/zonaroja.com.mx\/wp-content\/uploads\/2019\/09\/09fbe873-1214-456a-8d5c-42b8ec60c516.jpg","jetpack_sharing_enabled":true,"_links":{"self":[{"href":"https:\/\/zonaroja.com.mx\/index.php?rest_route=\/wp\/v2\/posts\/4148","targetHints":{"allow":["GET"]}}],"collection":[{"href":"https:\/\/zonaroja.com.mx\/index.php?rest_route=\/wp\/v2\/posts"}],"about":[{"href":"https:\/\/zonaroja.com.mx\/index.php?rest_route=\/wp\/v2\/types\/post"}],"author":[{"embeddable":true,"href":"https:\/\/zonaroja.com.mx\/index.php?rest_route=\/wp\/v2\/users\/2"}],"replies":[{"embeddable":true,"href":"https:\/\/zonaroja.com.mx\/index.php?rest_route=%2Fwp%2Fv2%2Fcomments&post=4148"}],"version-history":[{"count":1,"href":"https:\/\/zonaroja.com.mx\/index.php?rest_route=\/wp\/v2\/posts\/4148\/revisions"}],"predecessor-version":[{"id":4150,"href":"https:\/\/zonaroja.com.mx\/index.php?rest_route=\/wp\/v2\/posts\/4148\/revisions\/4150"}],"wp:featuredmedia":[{"embeddable":true,"href":"https:\/\/zonaroja.com.mx\/index.php?rest_route=\/wp\/v2\/media\/4149"}],"wp:attachment":[{"href":"https:\/\/zonaroja.com.mx\/index.php?rest_route=%2Fwp%2Fv2%2Fmedia&parent=4148"}],"wp:term":[{"taxonomy":"category","embeddable":true,"href":"https:\/\/zonaroja.com.mx\/index.php?rest_route=%2Fwp%2Fv2%2Fcategories&post=4148"},{"taxonomy":"post_tag","embeddable":true,"href":"https:\/\/zonaroja.com.mx\/index.php?rest_route=%2Fwp%2Fv2%2Ftags&post=4148"}],"curies":[{"name":"wp","href":"https:\/\/api.w.org\/{rel}","templated":true}]}}