{"id":41485,"date":"2022-05-22T11:36:00","date_gmt":"2022-05-22T16:36:00","guid":{"rendered":"http:\/\/www.zonaroja.com.mx\/?p=41485"},"modified":"2022-05-22T07:38:13","modified_gmt":"2022-05-22T12:38:13","slug":"todo-listo-para-las-elecciones-del-5-de-junio-integran-paquetes-electorales","status":"publish","type":"post","link":"https:\/\/zonaroja.com.mx\/?p=41485","title":{"rendered":"Todo listo para las elecciones del 5 de junio: integran paquetes electorales"},"content":{"rendered":"\n<p>Redacci\u00f3n\/Zona Roja.<\/p>\n\n\n\n<p>Oaxaca de Ju\u00e1rez, Oax., 22 de mayo de 2022.- Este fin de semana, el personal de los 25 Consejos Distritales del Instituto Estatal Electoral y de Participaci\u00f3n Ciudadana de Oaxaca (IEEPCO), en coordinaci\u00f3n con las personas Supervisoras Electorales (SE) as\u00ed como Capacitadoras Asistentes Electorales (CAEs) del Instituto Nacional Electoral realizaron la integraci\u00f3n y armado de paquete electorales. &nbsp;<\/p>\n\n\n\n<p>Lo anterior en el marco del Proceso Electoral Ordinario, cuya jornada de votaci\u00f3n se celebrar\u00e1 el pr\u00f3ximo domingo 5 de junio. &nbsp;<\/p>\n\n\n\n<p>Dicha actividad tuvo el acompa\u00f1amiento de las consejeras electorales Nayma Enr\u00edquez Estrada y Carmelita Sibaja Ochoa; as\u00ed como el consejero electoral Alejandro Carrasco Sampedro, quienes se dieron cita a los Consejos Distritales 13 y 15 correspondientes a Oaxaca Sur y Santa Cruz Xoxocotl\u00e1n. &nbsp;<\/p>\n\n\n\n<p>Ah\u00ed, Enr\u00edquez Estrada indic\u00f3 que los trabajos realizados tienen el prop\u00f3sito de que todo se encuentre listo para la jornada electoral y que cada una de las casillas cuente con las boletas suficientes para que la ciudadan\u00eda pueda ejercer su derecho a elegir a quien estar\u00e1 al frente de la gubernatura. \u00a0<\/p>\n\n\n\n<figure class=\"wp-block-embed is-type-rich is-provider-twitter wp-block-embed-twitter\"><div class=\"wp-block-embed__wrapper\">\n<div class=\"twitter-tweet\"><blockquote class=\"twitter-tweet\" data-lang=\"es\"><p lang=\"es\" dir=\"ltr\">\ud83e\udd14\u00bfSabes en qu\u00e9 consiste la integraci\u00f3n del paque electoral?<br><br>En el siguiente video te explicamos el procedimiento que realizaron los Consejos Distritales Electorales del <a href=\"https:\/\/twitter.com\/hashtag\/IEEPCO?src=hash&amp;ref_src=twsrc%5Etfw\">#IEEPCO<\/a>. El 5 de junio, emite tu voto en total libertad. \u00a1Hazlo <a href=\"https:\/\/twitter.com\/hashtag\/PorTuDemocracia?src=hash&amp;ref_src=twsrc%5Etfw\">#PorTuDemocracia<\/a>! <a href=\"https:\/\/t.co\/aM3eT0JurJ\">https:\/\/t.co\/aM3eT0JurJ<\/a><\/p>&mdash; IEEPCO (@IEEPCO) <a href=\"https:\/\/twitter.com\/IEEPCO\/status\/1528126738240155648?ref_src=twsrc%5Etfw\">21 de mayo de 2022<\/a><\/blockquote><\/div>\n<\/div><\/figure>\n\n\n\n<p>De igual forma, record\u00f3 que en la entidad se instalar\u00e1n 5,740 casillas, de las cuales 2,501 son b\u00e1sicas; 2,218 contiguas; 967 extraordinarias y 54 especiales.<\/p>\n\n\n\n<p>Al interior de los 25 \u00f3rganos desconcentrados del Instituto, se dio cita todo el Consejo Distrital y personal del INE Oaxaca quienes instalaron mesas de trabajo para integrar los paquetes, mismos que contienen la lista nominal boletas, actas, hojas de incidentes, entre otros materiales que se utilizar\u00e1n en las casillas. &nbsp;<\/p>\n\n\n\n<p>El funcionariado electoral se dio a la tarea de verificar que los datos de los materiales coincidieran con el nombre de la entidad federativa, n\u00famero de distrito, secci\u00f3n y tipo de casillas para su agrupaci\u00f3n y posterior rotulaci\u00f3n.<\/p>\n\n\n\n<p>Cabe se\u00f1alar que los paquetes electorales se dividen dependiendo el tipo de casillas al que van dirigidos y una vez integrados deber\u00e1n colocarse al interior de las bodegas, mismas que ser\u00e1n selladas y resguardadas por elementos de las corporaciones de seguridad estatal y nacional.<\/p>\n\n\n\n<p>Ser\u00e1 del 30 de mayo al 3 de junio que se llevar\u00e1 a cabo la entrega de paquetes electorales; de primera cuenta por parte de los Consejos Distritales hacia las personas Capacitadoras Asistentes Electorales (CAEs), quienes a su vez los har\u00e1n llegar a las Presidencias de las Mesas Directivas de Casilla.<\/p>\n","protected":false},"excerpt":{"rendered":"<p>Redacci\u00f3n\/Zona Roja. Oaxaca de Ju\u00e1rez, Oax., 22 de mayo de 2022.- Este fin de semana,&hellip;<\/p>\n","protected":false},"author":2,"featured_media":41482,"comment_status":"closed","ping_status":"open","sticky":false,"template":"","format":"standard","meta":{"_lmt_disableupdate":"","_lmt_disable":"","_jetpack_memberships_contains_paid_content":false,"footnotes":""},"categories":[109,46],"tags":[2932],"class_list":["post-41485","post","type-post","status-publish","format-standard","has-post-thumbnail","hentry","category-minuto-a-minuto","category-zona-blanca","tag-instituto-estatal-electoral-y-de-participacion-ciudadana-de-oaxaca-ieepco"],"jetpack_featured_media_url":"https:\/\/zonaroja.com.mx\/wp-content\/uploads\/2022\/05\/IEEPCO-paqueteria-electoral.jpg","jetpack_sharing_enabled":true,"_links":{"self":[{"href":"https:\/\/zonaroja.com.mx\/index.php?rest_route=\/wp\/v2\/posts\/41485","targetHints":{"allow":["GET"]}}],"collection":[{"href":"https:\/\/zonaroja.com.mx\/index.php?rest_route=\/wp\/v2\/posts"}],"about":[{"href":"https:\/\/zonaroja.com.mx\/index.php?rest_route=\/wp\/v2\/types\/post"}],"author":[{"embeddable":true,"href":"https:\/\/zonaroja.com.mx\/index.php?rest_route=\/wp\/v2\/users\/2"}],"replies":[{"embeddable":true,"href":"https:\/\/zonaroja.com.mx\/index.php?rest_route=%2Fwp%2Fv2%2Fcomments&post=41485"}],"version-history":[{"count":1,"href":"https:\/\/zonaroja.com.mx\/index.php?rest_route=\/wp\/v2\/posts\/41485\/revisions"}],"predecessor-version":[{"id":41486,"href":"https:\/\/zonaroja.com.mx\/index.php?rest_route=\/wp\/v2\/posts\/41485\/revisions\/41486"}],"wp:featuredmedia":[{"embeddable":true,"href":"https:\/\/zonaroja.com.mx\/index.php?rest_route=\/wp\/v2\/media\/41482"}],"wp:attachment":[{"href":"https:\/\/zonaroja.com.mx\/index.php?rest_route=%2Fwp%2Fv2%2Fmedia&parent=41485"}],"wp:term":[{"taxonomy":"category","embeddable":true,"href":"https:\/\/zonaroja.com.mx\/index.php?rest_route=%2Fwp%2Fv2%2Fcategories&post=41485"},{"taxonomy":"post_tag","embeddable":true,"href":"https:\/\/zonaroja.com.mx\/index.php?rest_route=%2Fwp%2Fv2%2Ftags&post=41485"}],"curies":[{"name":"wp","href":"https:\/\/api.w.org\/{rel}","templated":true}]}}