{"id":41492,"date":"2022-05-22T08:04:18","date_gmt":"2022-05-22T13:04:18","guid":{"rendered":"http:\/\/www.zonaroja.com.mx\/?p=41492"},"modified":"2022-05-22T08:04:19","modified_gmt":"2022-05-22T13:04:19","slug":"recibe-el-triple-a-respaldo-de-costenos-en-mi-gobierno-nadie-se-quedara-atras","status":"publish","type":"post","link":"https:\/\/zonaroja.com.mx\/?p=41492","title":{"rendered":"Recibe el \u201cTriple A\u201d respaldo de coste\u00f1os: \u201cen mi gobierno nadie se quedar\u00e1 atr\u00e1s\u201d"},"content":{"rendered":"\n<p>Redacci\u00f3n\/Zona Roja.<\/p>\n\n\n\n<p>Oaxaca de Ju\u00e1rez, Oax., 22 de mayo de 2022. Ante la presencia multitudinaria de pueblos y comunidades coste\u00f1as, el candidato del PRI-PRD a la gubernatura de Oaxaca, Alejandro Avil\u00e9s \u00c1lvarez recalc\u00f3 que como gobernador, defender\u00e1 los derechos de los pueblos ind\u00edgenas y afromexicanos, con la aplicaci\u00f3n de pol\u00edticas p\u00fablicas que promuevan su inclusi\u00f3n y participaci\u00f3n dentro de los programas y acciones que desarrollar\u00e1 la administraci\u00f3n estatal.&nbsp;<\/p>\n\n\n\n<p>\u201cVoy a promover fuerte la cultura ind\u00edgena y ser\u00e9 un defensor incansable de las y los artistas que se encuentran en todas las comunidades oaxaque\u00f1as y que no han tenido la oportunidad de ser reconocidos tanto en el estado como en el pa\u00eds. Por eso, delante de todos ustedes hago este compromiso de brindar mejores oportunidades para mis hermanos ind\u00edgenas y lo voy a cumplir\u201d, remarc\u00f3 en Santiago Jamiltepec.<\/p>\n\n\n\n<p>En su primera actividad de pre-cierre de campa\u00f1a, el \u201cTriple A\u201d indic\u00f3 que su administraci\u00f3n de gobierno destinar\u00e1 recursos p\u00fablicos de manera justa y eficiente, para erradicar actos de discriminaci\u00f3n, exclusi\u00f3n y violencia en contra los pueblos y comunidades ind\u00edgenas.\u00a0<\/p>\n\n\n\n<figure class=\"wp-block-embed is-type-rich is-provider-twitter wp-block-embed-twitter\"><div class=\"wp-block-embed__wrapper\">\n<div class=\"twitter-tweet\"><blockquote class=\"twitter-tweet\" data-lang=\"es\"><p lang=\"es\" dir=\"ltr\"><a href=\"https:\/\/twitter.com\/hashtag\/EleccionesOaxaca2022?src=hash&amp;ref_src=twsrc%5Etfw\">#EleccionesOaxaca2022<\/a><br>\u201cCuando pongas tu voto en la urna, piensa en el futuro que quieres para tu familia y para Oaxaca\u201d, dice el \u201cTriple A\u201d, <a href=\"https:\/\/twitter.com\/_AvilesAlvarez?ref_src=twsrc%5Etfw\">@_AvilesAlvarez<\/a>, al llamar a sufragar por su candidatura, que garantiza apoyos como gobierno <a href=\"https:\/\/twitter.com\/hashtag\/AlTriplePorOaxaca?src=hash&amp;ref_src=twsrc%5Etfw\">#AlTriplePorOaxaca<\/a>. <a href=\"https:\/\/t.co\/L0Ik2m7TRb\">pic.twitter.com\/L0Ik2m7TRb<\/a><\/p>&mdash; Zona Roja Oaxaca (@ZonaRoja_Oaxaca) <a href=\"https:\/\/twitter.com\/ZonaRoja_Oaxaca\/status\/1528123146683006977?ref_src=twsrc%5Etfw\">21 de mayo de 2022<\/a><\/blockquote><\/div>\n<\/div><\/figure>\n\n\n\n<p>\u201cNunca m\u00e1s habr\u00e1 un ind\u00edgena inocente que se encuentre preso por no saber hablar espa\u00f1ol, voy a invertir recursos para disponer de traductoras y traductores de todas las lenguas del estado. Es necesario tambi\u00e9n, que todo el Sistema de Justicia Penal, cuente con int\u00e9rpretes, desde los jueces, ministerios p\u00fablicos y polic\u00edas; para que tengan muy claro que siempre defender\u00e9 y proteger\u00e9 a nuestros hermanos ind\u00edgenas\u201d, ponder\u00f3.&nbsp;<\/p>\n\n\n\n<p>En este contexto, Alejandro Avil\u00e9s afirm\u00f3 que reforzar\u00e1 la Secretar\u00eda de Pueblos Ind\u00edgenas y Afromexicano, y pondr\u00e1 en funcionamiento el Instituto Estatal de las Lenguas Ind\u00edgenas, con la finalidad de respetar sus usos y costumbres, as\u00ed como a todas y todos los artistas que se encuentran en cada una de las regiones de Oaxaca.&nbsp;<\/p>\n\n\n\n<p>\u201cYo siempre he so\u00f1ado con un Oaxaca, donde se respeten a cabalidad los derechos de los Pueblos Ind\u00edgenas y los Pueblos Afromexicanos, que se respeten sus costumbres, sus tradiciones y sus lenguas, para preservar cada una de las riquezas y tesoros que dan vida a las comunidades\u201d, manifest\u00f3.&nbsp;<\/p>\n\n\n\n<p>Durante esta actividad llena de algarab\u00eda, el Triple A resalt\u00f3 que su campa\u00f1a se caracteriza por el anuncio de propuestas reales y de gran impacto para las familias oaxaque\u00f1as, que fortalecen la uni\u00f3n y hermandad de todos los pueblos y localidades de la entidad.<\/p>\n","protected":false},"excerpt":{"rendered":"<p>Redacci\u00f3n\/Zona Roja. Oaxaca de Ju\u00e1rez, Oax., 22 de mayo de 2022. Ante la presencia multitudinaria&hellip;<\/p>\n","protected":false},"author":2,"featured_media":41480,"comment_status":"closed","ping_status":"open","sticky":false,"template":"","format":"standard","meta":{"_lmt_disableupdate":"","_lmt_disable":"","_jetpack_memberships_contains_paid_content":false,"footnotes":""},"categories":[109,46],"tags":[316],"class_list":["post-41492","post","type-post","status-publish","format-standard","has-post-thumbnail","hentry","category-minuto-a-minuto","category-zona-blanca","tag-alejandro-aviles-alvarez"],"jetpack_featured_media_url":"https:\/\/zonaroja.com.mx\/wp-content\/uploads\/2022\/05\/Alejandro-Aviles-gira-Costa.jpeg","jetpack_sharing_enabled":true,"_links":{"self":[{"href":"https:\/\/zonaroja.com.mx\/index.php?rest_route=\/wp\/v2\/posts\/41492","targetHints":{"allow":["GET"]}}],"collection":[{"href":"https:\/\/zonaroja.com.mx\/index.php?rest_route=\/wp\/v2\/posts"}],"about":[{"href":"https:\/\/zonaroja.com.mx\/index.php?rest_route=\/wp\/v2\/types\/post"}],"author":[{"embeddable":true,"href":"https:\/\/zonaroja.com.mx\/index.php?rest_route=\/wp\/v2\/users\/2"}],"replies":[{"embeddable":true,"href":"https:\/\/zonaroja.com.mx\/index.php?rest_route=%2Fwp%2Fv2%2Fcomments&post=41492"}],"version-history":[{"count":1,"href":"https:\/\/zonaroja.com.mx\/index.php?rest_route=\/wp\/v2\/posts\/41492\/revisions"}],"predecessor-version":[{"id":41493,"href":"https:\/\/zonaroja.com.mx\/index.php?rest_route=\/wp\/v2\/posts\/41492\/revisions\/41493"}],"wp:featuredmedia":[{"embeddable":true,"href":"https:\/\/zonaroja.com.mx\/index.php?rest_route=\/wp\/v2\/media\/41480"}],"wp:attachment":[{"href":"https:\/\/zonaroja.com.mx\/index.php?rest_route=%2Fwp%2Fv2%2Fmedia&parent=41492"}],"wp:term":[{"taxonomy":"category","embeddable":true,"href":"https:\/\/zonaroja.com.mx\/index.php?rest_route=%2Fwp%2Fv2%2Fcategories&post=41492"},{"taxonomy":"post_tag","embeddable":true,"href":"https:\/\/zonaroja.com.mx\/index.php?rest_route=%2Fwp%2Fv2%2Ftags&post=41492"}],"curies":[{"name":"wp","href":"https:\/\/api.w.org\/{rel}","templated":true}]}}