{"id":41496,"date":"2022-05-22T20:26:00","date_gmt":"2022-05-23T01:26:00","guid":{"rendered":"http:\/\/www.zonaroja.com.mx\/?p=41496"},"modified":"2022-05-22T20:26:02","modified_gmt":"2022-05-23T01:26:02","slug":"descarta-titular-de-segob-violencia-en-elecciones-en-seis-gubernaturas","status":"publish","type":"post","link":"https:\/\/zonaroja.com.mx\/?p=41496","title":{"rendered":"Descarta titular de Segob violencia en elecciones en seis gubernaturas"},"content":{"rendered":"\n<p>Redacci\u00f3n\/Zona Roja.<\/p>\n\n\n\n<p>Santa Luc\u00eda del Camino, Oax., 22 de mayo de 2022.- Desde Oaxaca, el responsable de la Secretar\u00eda de Gobernaci\u00f3n (Segob), Ad\u00e1n Augusto L\u00f3pez, descart\u00f3 que haya violencia en los comicios del pr\u00f3ximo 5 de junio en seis entidades del pa\u00eds donde se elige a titular del Poder Ejecutivo.<\/p>\n\n\n\n<p>\u201cTotal, hay absoluta y total seguridad en todos los estados donde va a haber elecciones, se trata que vaya a votar, no hay focos rojos \u201c, dijo a diversos medios informativos a su llegada a Santa Luc\u00eda del Camino, donde presidi\u00f3 un acto pol\u00edtico a favor de Salom\u00f3n Jara Cruz, candidato a gobernador de Oaxaca.<\/p>\n\n\n\n<p>En el mitin, efectuado en la avenida L\u00e1zaro C\u00e1rdenas, frente al Centro de Convenciones, el segundo funcionario en importancia en el gabinete del Presidente L\u00f3pez Obrador, manifest\u00f3 que \u201cno hay algo m\u00e1s hermoso que las tardes de primavera.<\/p>\n\n\n\n<p>\u201cLa primavera que vivir\u00e1 para siempre Oaxaca y es la hora de Oaxaca. Muchas gracias al gobernador de Oaxaca, mi compa\u00f1ero de lucha, Salom\u00f3n Jara Cruz, por invitarme a acompa\u00f1arlo esta tarde de primavera\u201d, dijo.<\/p>\n\n\n\n<p>A\u00f1adi\u00f3 que la primavera se va a instalar en Oaxaca, pues Salom\u00f3n va a poner la hora de la transformaci\u00f3n en Oaxaca; \u201ces la hora que un oaxaque\u00f1o de a de veras, orgulloso de la sangre oaxaque\u00f1a que corre por sus venas, de su origen zapoteca; Oaxaca va a tener el mejor gobernador de la historia\u201d, dijo.<\/p>\n\n\n\n<figure class=\"wp-block-embed is-type-rich is-provider-twitter wp-block-embed-twitter\"><div class=\"wp-block-embed__wrapper\">\n<div class=\"twitter-tweet\"><blockquote class=\"twitter-tweet\" data-lang=\"es\"><p lang=\"es\" dir=\"ltr\"><a href=\"https:\/\/twitter.com\/hashtag\/%C3%9AltimoMinuto?src=hash&amp;ref_src=twsrc%5Etfw\">#\u00daltimoMinuto<\/a> <br>El titular de la <a href=\"https:\/\/twitter.com\/SEGOB_mx?ref_src=twsrc%5Etfw\">@SEGOB_mx<\/a>, <a href=\"https:\/\/twitter.com\/adan_augusto?ref_src=twsrc%5Etfw\">@adan_augusto<\/a>, se encuentra en <a href=\"https:\/\/twitter.com\/hashtag\/Oaxaca?src=hash&amp;ref_src=twsrc%5Etfw\">#Oaxaca<\/a> para acompa\u00f1ar a <a href=\"https:\/\/twitter.com\/salomonj?ref_src=twsrc%5Etfw\">@salomonj<\/a>, candidato al gobierno de Oaxaca. <br>Tras acudir a la Villa de Zaachila, se dirigen a Santa Luc\u00eda del Camino. <a href=\"https:\/\/t.co\/rBodsW0ytp\">pic.twitter.com\/rBodsW0ytp<\/a><\/p>&mdash; Zona Roja Oaxaca (@ZonaRoja_Oaxaca) <a href=\"https:\/\/twitter.com\/ZonaRoja_Oaxaca\/status\/1528517927456079872?ref_src=twsrc%5Etfw\">22 de mayo de 2022<\/a><\/blockquote><\/div>\n<\/div><\/figure>\n\n\n\n<p>Ante cientos de asistentes al mitin, expuso que junto con Salom\u00f3n, los oaxaque\u00f1os construir\u00e1n una mejor futuro.<\/p>\n\n\n\n<p>GOBIERNO DEL PUEBLO<\/p>\n\n\n\n<p>De su lado, y en presencia de Bety Santos, esposa edil Juan Carlos Garc\u00eda M\u00e1rquez, Salom\u00f3n Jara agradeci\u00f3 la presencia de Ad\u00e1n Augusto L\u00f3pez, quien lo ha acompa\u00f1ado en diversas luchas a\u00f1os atr\u00e1s.<\/p>\n\n\n\n<p>\u201cYa s\u00f3lo quedan 14 d\u00edas para que la primavera oaxaque\u00f1a florezca, para que llegue la alegr\u00eda, la felicidad, que tanto hemos so\u00f1ado en Oaxaca. Por eso vengo a invitar a todas y todos para que hagamos historia. Ahora s\u00ed podemos tener un gobierno honesto, trabajador, cercano a los pueblos\u201d.<\/p>\n\n\n\n<p>A\u00f1adi\u00f3 que habr\u00e1 un gobierno austero, sencillo, humilde; ahora en Oaxaca s\u00ed podemos tener un gobierno que siempre acompa\u00f1e a las comunidades, que recorra los 570 municipios, expuso.<\/p>\n\n\n\n<p>\u201cGracias a una gran amiga, Bety Santos\u201d, dijo al reconocer tambi\u00e9n al reconocer el respaldo desde siempre de Juan Carlos Garc\u00eda M\u00e1rquez en Santa Luc\u00eda del Camino, y donde asegur\u00f3 que habr\u00e1 una votaci\u00f3n masiva a su favor el pr\u00f3ximo 5 de junio.<\/p>\n\n\n\n<p>A su vez, una referente de Morena en Santa Luc\u00eda del Camino, Bety Santos les dio la bienvenida y dijo que el municipio lo recibe con los brazos abiertos tanto al titular de Gobernaci\u00f3n como al candidato a la gubernatura.<\/p>\n\n\n\n<p>\u201cLas mujeres estamos listas para lograr este proyecto llamado Oaxaca; hoy por primera vez contaremos con un gran aliado en el Gobierno del Estado. \u201cSanta Luc\u00eda del Camino est\u00e1 siempre preparado para acompa\u00f1arlo\u201d, dijo a Salom\u00f3n Jara, al invitar a todos a promover el voto masivo a favor del candidato.&nbsp;<\/p>\n","protected":false},"excerpt":{"rendered":"<p>Redacci\u00f3n\/Zona Roja. Santa Luc\u00eda del Camino, Oax., 22 de mayo de 2022.- Desde Oaxaca, el&hellip;<\/p>\n","protected":false},"author":2,"featured_media":41497,"comment_status":"closed","ping_status":"open","sticky":false,"template":"","format":"standard","meta":{"_lmt_disableupdate":"","_lmt_disable":"","_jetpack_memberships_contains_paid_content":false,"footnotes":""},"categories":[109,46],"tags":[939],"class_list":["post-41496","post","type-post","status-publish","format-standard","has-post-thumbnail","hentry","category-minuto-a-minuto","category-zona-blanca","tag-salomon-jara-cruz"],"jetpack_featured_media_url":"https:\/\/zonaroja.com.mx\/wp-content\/uploads\/2022\/05\/Salomon-Jara-Cruz-Santa-Lucia-del-Camino.jpg","jetpack_sharing_enabled":true,"_links":{"self":[{"href":"https:\/\/zonaroja.com.mx\/index.php?rest_route=\/wp\/v2\/posts\/41496","targetHints":{"allow":["GET"]}}],"collection":[{"href":"https:\/\/zonaroja.com.mx\/index.php?rest_route=\/wp\/v2\/posts"}],"about":[{"href":"https:\/\/zonaroja.com.mx\/index.php?rest_route=\/wp\/v2\/types\/post"}],"author":[{"embeddable":true,"href":"https:\/\/zonaroja.com.mx\/index.php?rest_route=\/wp\/v2\/users\/2"}],"replies":[{"embeddable":true,"href":"https:\/\/zonaroja.com.mx\/index.php?rest_route=%2Fwp%2Fv2%2Fcomments&post=41496"}],"version-history":[{"count":1,"href":"https:\/\/zonaroja.com.mx\/index.php?rest_route=\/wp\/v2\/posts\/41496\/revisions"}],"predecessor-version":[{"id":41498,"href":"https:\/\/zonaroja.com.mx\/index.php?rest_route=\/wp\/v2\/posts\/41496\/revisions\/41498"}],"wp:featuredmedia":[{"embeddable":true,"href":"https:\/\/zonaroja.com.mx\/index.php?rest_route=\/wp\/v2\/media\/41497"}],"wp:attachment":[{"href":"https:\/\/zonaroja.com.mx\/index.php?rest_route=%2Fwp%2Fv2%2Fmedia&parent=41496"}],"wp:term":[{"taxonomy":"category","embeddable":true,"href":"https:\/\/zonaroja.com.mx\/index.php?rest_route=%2Fwp%2Fv2%2Fcategories&post=41496"},{"taxonomy":"post_tag","embeddable":true,"href":"https:\/\/zonaroja.com.mx\/index.php?rest_route=%2Fwp%2Fv2%2Ftags&post=41496"}],"curies":[{"name":"wp","href":"https:\/\/api.w.org\/{rel}","templated":true}]}}