{"id":41499,"date":"2022-05-22T21:37:37","date_gmt":"2022-05-23T02:37:37","guid":{"rendered":"http:\/\/www.zonaroja.com.mx\/?p=41499"},"modified":"2022-05-22T21:37:39","modified_gmt":"2022-05-23T02:37:39","slug":"oaxaca-presente-en-el-tianguis-turistico-de-acapulco","status":"publish","type":"post","link":"https:\/\/zonaroja.com.mx\/?p=41499","title":{"rendered":"Oaxaca presente, en el Tianguis Tur\u00edstico de Acapulco"},"content":{"rendered":"\n<p>Redacci\u00f3n\/Zona Roja.<\/p>\n\n\n\n<p>Oaxaca de Ju\u00e1rez, Oax., 22 de mayo de 2022.- Con el prop\u00f3sito de seguir promoviendo a la entidad entre las preferencias tur\u00edsticas de las y los mexicanos, as\u00ed como visitantes nacionales y extranjeros, este domingo el gobernador Alejandro Murat Hinojosa particip\u00f3 junto al secretario de Gobernaci\u00f3n, Ad\u00e1n Augusto L\u00f3pez Hern\u00e1ndez, quien asisti\u00f3 en representaci\u00f3n del Presidente de M\u00e9xico Andr\u00e9s Manuel L\u00f3pez Obrador, en la ceremonia de inauguraci\u00f3n de la edici\u00f3n n\u00famero 46 del Tianguis Tur\u00edstico M\u00e9xico 2022, el cual se llevar\u00e1 a cabo en el complejo Palacio Mundo Imperial del 22 al 25 de mayo.<\/p>\n\n\n\n<p>En este foro de negocios con mayor relevancia en la industria tur\u00edstica mexicana, se re\u00fanen compradores y expositores nacionales e internacionales, entre los que figura el estado de Oaxaca al presentar su oferta tur\u00edstica, sus principales destinos, Pueblos M\u00e1gicos, tradiciones, fiestas, gastronom\u00eda y artesan\u00edas.<\/p>\n\n\n\n<p>Al respecto, el Mandatario Estatal dio a conocer que su gobierno a trav\u00e9s de la Secretar\u00eda de Turismo estatal (Sectur Oaxaca), en conjunto con prestadores y prestadoras de servicios tur\u00edsticos de la entidad promover\u00e1n la marca \u00abOaxaca \u00a1Lo tiene todo!\u00bb.<\/p>\n\n\n\n<p>Tambi\u00e9n \u2013dijo- difundir\u00e1n el programa de actividades de \u201cJulio, Mes de la Guelaguetza 2022\u201d, el homenaje racial m\u00e1s importante de Am\u00e9rica que este a\u00f1o celebra su 90 aniversario y volver\u00e1 de manera presencial a la Rotonda de las Azucenas los lunes 25 de julio y 1 de agosto.<\/p>\n\n\n\n<p>Por otra parte, Murat Hinojosa anunci\u00f3 que el pabell\u00f3n de Oaxaca recibir\u00e1 a las y los visitantes con elementos decorativos propios de la entidad y que se conforma por 44 puestos de atenci\u00f3n para las y los prestadores de servicios tur\u00edsticos participantes y personal de la Sectur Oaxaca.<\/p>\n\n\n\n<p>Asimismo, el stand tendr\u00e1 una zona de atenci\u00f3n y entrega de informaci\u00f3n general, donde se proyectar\u00e1 material audiovisual de los destinos y Pueblos M\u00e1gicos de la entidad; m\u00f3dulos de atenci\u00f3n especializada atendidos por la OCV y la Asociaci\u00f3n de Turismo de Reuniones (ATR), as\u00ed como un espacio de muestra artesanal vivencial.<\/p>\n\n\n\n<p>Cabe se\u00f1alar que, en un evento previo, Murat Hinojosa particip\u00f3 en una reuni\u00f3n con la Comisi\u00f3n Ejecutiva de Turismo de la Conferencia Nacional de Gobernadores (Conago), que cont\u00f3 con la presencia del Embajador de los Estados Unidos en M\u00e9xico, Ken Salazar, con el objetivo de abordar temas fundamentales de este sector.<\/p>\n\n\n\n<p>El Tianguis Tur\u00edstico de M\u00e9xico que impulsa el Gobierno Federal, es para la entidad una de las plataformas comerciales m\u00e1s importantes para promover los atractivos tur\u00edsticos de la entidad; en el que se espera la participaci\u00f3n de m\u00e1s de 600 expositores, m\u00e1s de 700 empresas y la presencia de alrededor de 70 pa\u00edses.<\/p>\n","protected":false},"excerpt":{"rendered":"<p>Redacci\u00f3n\/Zona Roja. Oaxaca de Ju\u00e1rez, Oax., 22 de mayo de 2022.- Con el prop\u00f3sito de&hellip;<\/p>\n","protected":false},"author":2,"featured_media":41500,"comment_status":"closed","ping_status":"open","sticky":false,"template":"","format":"standard","meta":{"_lmt_disableupdate":"","_lmt_disable":"","_jetpack_memberships_contains_paid_content":false,"footnotes":""},"categories":[109,46],"tags":[173],"class_list":["post-41499","post","type-post","status-publish","format-standard","has-post-thumbnail","hentry","category-minuto-a-minuto","category-zona-blanca","tag-alejandro-murat-hinojosa"],"jetpack_featured_media_url":"https:\/\/zonaroja.com.mx\/wp-content\/uploads\/2022\/05\/Alejandro-Murat-tianguis-Acapulco.jpg","jetpack_sharing_enabled":true,"_links":{"self":[{"href":"https:\/\/zonaroja.com.mx\/index.php?rest_route=\/wp\/v2\/posts\/41499","targetHints":{"allow":["GET"]}}],"collection":[{"href":"https:\/\/zonaroja.com.mx\/index.php?rest_route=\/wp\/v2\/posts"}],"about":[{"href":"https:\/\/zonaroja.com.mx\/index.php?rest_route=\/wp\/v2\/types\/post"}],"author":[{"embeddable":true,"href":"https:\/\/zonaroja.com.mx\/index.php?rest_route=\/wp\/v2\/users\/2"}],"replies":[{"embeddable":true,"href":"https:\/\/zonaroja.com.mx\/index.php?rest_route=%2Fwp%2Fv2%2Fcomments&post=41499"}],"version-history":[{"count":1,"href":"https:\/\/zonaroja.com.mx\/index.php?rest_route=\/wp\/v2\/posts\/41499\/revisions"}],"predecessor-version":[{"id":41501,"href":"https:\/\/zonaroja.com.mx\/index.php?rest_route=\/wp\/v2\/posts\/41499\/revisions\/41501"}],"wp:featuredmedia":[{"embeddable":true,"href":"https:\/\/zonaroja.com.mx\/index.php?rest_route=\/wp\/v2\/media\/41500"}],"wp:attachment":[{"href":"https:\/\/zonaroja.com.mx\/index.php?rest_route=%2Fwp%2Fv2%2Fmedia&parent=41499"}],"wp:term":[{"taxonomy":"category","embeddable":true,"href":"https:\/\/zonaroja.com.mx\/index.php?rest_route=%2Fwp%2Fv2%2Fcategories&post=41499"},{"taxonomy":"post_tag","embeddable":true,"href":"https:\/\/zonaroja.com.mx\/index.php?rest_route=%2Fwp%2Fv2%2Ftags&post=41499"}],"curies":[{"name":"wp","href":"https:\/\/api.w.org\/{rel}","templated":true}]}}