{"id":41503,"date":"2022-05-23T07:27:05","date_gmt":"2022-05-23T12:27:05","guid":{"rendered":"http:\/\/www.zonaroja.com.mx\/?p=41503"},"modified":"2022-05-23T07:27:08","modified_gmt":"2022-05-23T12:27:08","slug":"latente-el-covid-168-contagios-y-8-decesos-en-una-semana","status":"publish","type":"post","link":"https:\/\/zonaroja.com.mx\/?p=41503","title":{"rendered":"Latente el Covid: 168 contagios y 8 decesos en una semana"},"content":{"rendered":"\n<p>Redacci\u00f3n\/Zona Roja.<\/p>\n\n\n\n<p>Oaxaca de Ju\u00e1rez, Oax. 22 de mayo de 2022.- Los Servicios de Salud de Oaxaca (SSO), informan que durante el per\u00edodo comprendido del 15 al 21 de mayo, la entidad registr\u00f3 un acumulado de 120 mil 343 casos confirmados del virus SARS-CoV-2, de los cuales 168 se contabilizaron en los \u00faltimos siete d\u00edas.<\/p>\n\n\n\n<p>En el resumen semanal del panorama estatal de Covid-19, dieron a conocer que se notificaron ocho desafortunados decesos a causa de esta patolog\u00eda respiratoria. Y el promedio de ocupaci\u00f3n hospitalaria fue de 7.4%.<\/p>\n\n\n\n<p>De acuerdo a la Jornada Nacional de Vacunaci\u00f3n contra el virus SARS-CoV-2, en este lapso se aplicaron cuatro mil 936 dosis del biol\u00f3gico Pfizer BioNTech a adolescentes de 12 a 17 a\u00f1os y 840 refuerzos a mayores de 18 a\u00f1os, por lo que de manera global fueron innumizadas un total de cinco mil 776 personas.<\/p>\n\n\n\n<p>La instituci\u00f3n destac\u00f3 la importancia de que las y los oaxaque\u00f1os se vacunen y se apliquen la inmunizaci\u00f3n de refuerzo, pues est\u00e1 demostrado que las vacunas reducen el riesgo de desarrollar la enfermedad de manera grave.<\/p>\n\n\n\n<p>Adem\u00e1s, es necesario seguir aplicando con disciplina los protocolos sanitarios vigentes, como son: el uso correcto del cubrebocas, la sana distancia, el lavado de manos frecuente con agua y jab\u00f3n,&nbsp; evitar acudir a eventos masivos y ventilar los espacios.<\/p>\n\n\n\n<p>\u201cSigamos protegi\u00e9ndonos, ya que detener los contagios es responsabilidad de todas y todos. Hag\u00e1moslo, por nuestra Salud, por nuestra familia\u201d.<\/p>\n\n\n\n<p>(Comunicado)<\/p>\n","protected":false},"excerpt":{"rendered":"<p>Redacci\u00f3n\/Zona Roja. Oaxaca de Ju\u00e1rez, Oax. 22 de mayo de 2022.- Los Servicios de Salud&hellip;<\/p>\n","protected":false},"author":2,"featured_media":41504,"comment_status":"closed","ping_status":"open","sticky":false,"template":"","format":"standard","meta":{"_lmt_disableupdate":"","_lmt_disable":"","_jetpack_memberships_contains_paid_content":false,"footnotes":""},"categories":[109,47],"tags":[1512],"class_list":["post-41503","post","type-post","status-publish","format-standard","has-post-thumbnail","hentry","category-minuto-a-minuto","category-zona-gris","tag-coronavirus-oaxaca"],"jetpack_featured_media_url":"https:\/\/zonaroja.com.mx\/wp-content\/uploads\/2022\/05\/Covid-22-mayo-2022.jpg","jetpack_sharing_enabled":true,"_links":{"self":[{"href":"https:\/\/zonaroja.com.mx\/index.php?rest_route=\/wp\/v2\/posts\/41503","targetHints":{"allow":["GET"]}}],"collection":[{"href":"https:\/\/zonaroja.com.mx\/index.php?rest_route=\/wp\/v2\/posts"}],"about":[{"href":"https:\/\/zonaroja.com.mx\/index.php?rest_route=\/wp\/v2\/types\/post"}],"author":[{"embeddable":true,"href":"https:\/\/zonaroja.com.mx\/index.php?rest_route=\/wp\/v2\/users\/2"}],"replies":[{"embeddable":true,"href":"https:\/\/zonaroja.com.mx\/index.php?rest_route=%2Fwp%2Fv2%2Fcomments&post=41503"}],"version-history":[{"count":1,"href":"https:\/\/zonaroja.com.mx\/index.php?rest_route=\/wp\/v2\/posts\/41503\/revisions"}],"predecessor-version":[{"id":41505,"href":"https:\/\/zonaroja.com.mx\/index.php?rest_route=\/wp\/v2\/posts\/41503\/revisions\/41505"}],"wp:featuredmedia":[{"embeddable":true,"href":"https:\/\/zonaroja.com.mx\/index.php?rest_route=\/wp\/v2\/media\/41504"}],"wp:attachment":[{"href":"https:\/\/zonaroja.com.mx\/index.php?rest_route=%2Fwp%2Fv2%2Fmedia&parent=41503"}],"wp:term":[{"taxonomy":"category","embeddable":true,"href":"https:\/\/zonaroja.com.mx\/index.php?rest_route=%2Fwp%2Fv2%2Fcategories&post=41503"},{"taxonomy":"post_tag","embeddable":true,"href":"https:\/\/zonaroja.com.mx\/index.php?rest_route=%2Fwp%2Fv2%2Ftags&post=41503"}],"curies":[{"name":"wp","href":"https:\/\/api.w.org\/{rel}","templated":true}]}}