{"id":41509,"date":"2022-05-23T07:50:37","date_gmt":"2022-05-23T12:50:37","guid":{"rendered":"http:\/\/www.zonaroja.com.mx\/?p=41509"},"modified":"2022-05-23T07:50:39","modified_gmt":"2022-05-23T12:50:39","slug":"vuelven-a-aprehender-a-ex-fundador-de-los-z-en-oaxaca","status":"publish","type":"post","link":"https:\/\/zonaroja.com.mx\/?p=41509","title":{"rendered":"Vuelven a aprehender a ex fundador de los \u201cZ\u201d en Oaxaca"},"content":{"rendered":"\n<p>Redacci\u00f3n\/Zona Roja.<\/p>\n\n\n\n<p>Oaxaca de Ju\u00e1rez, Oax., 22 de mayo de 2022.- Flavio M. S., presunto fundador del c\u00e1rtel de los \u201cZ\u201d en Oaxaca y ex mando policial de Santa Cruz Xoxocotl\u00e1n, fue aprehendido de nuevo, ahora por delitos cometidos en el estado de Chiapas.<\/p>\n\n\n\n<p>La Fiscal\u00eda General del Estado de Oaxaca inform\u00f3 que personal de la Agencia Estatal de Investigaciones (AEI) ejecut\u00f3 orden la de aprehensi\u00f3n contra quien es conocido con el alias \u201cEl Comandante Amarillo\u201d, como probable responsable de los delitos de homicidio calificado en grado de tentativa en agravio de J. I. A. M. y F. M. E. R. y delincuencia organizada, cometidos en la entidad vecina.<\/p>\n\n\n\n<p>La ma\u00f1ana de este domingo 22 de mayo, elementos de la AEI dieron cumplimiento a la orden de aprehensi\u00f3n asentada en la causa penal 24\/2017 en contra del probable responsable, en inmediaciones de la localidad de Mengol\u00ed de Morelos, en el municipio de Miahuatl\u00e1n de Porfirio D\u00edaz, inform\u00f3 en un comunicado.<\/p>\n\n\n\n<p>Posteriormente, la FGEO en coordinaci\u00f3n con la Guardia Nacional y elementos de las comandancias de la regi\u00f3n del Istmo, realizaron labores de acompa\u00f1amiento y seguridad para trasladar al probable responsable al estado de Chiapas, a fin de ser presentado ante la autoridad judicial que lo requiri\u00f3.<\/p>\n\n\n\n<p>\u201cEl Comandante Armadillo\u201d fue director de la polic\u00eda municipal de Santa Cruz Xoxocotl\u00e1n fue detenido en enero de 2011 acusado de delincuencia organizada y fundador de los \u201cZ\u201d.<\/p>\n","protected":false},"excerpt":{"rendered":"<p>Redacci\u00f3n\/Zona Roja. Oaxaca de Ju\u00e1rez, Oax., 22 de mayo de 2022.- Flavio M. S., presunto&hellip;<\/p>\n","protected":false},"author":2,"featured_media":41510,"comment_status":"closed","ping_status":"open","sticky":false,"template":"","format":"standard","meta":{"_lmt_disableupdate":"","_lmt_disable":"","_jetpack_memberships_contains_paid_content":false,"footnotes":""},"categories":[109,46],"tags":[494],"class_list":["post-41509","post","type-post","status-publish","format-standard","has-post-thumbnail","hentry","category-minuto-a-minuto","category-zona-blanca","tag-fiscalia-general-del-estado-de-oaxaca"],"jetpack_featured_media_url":"https:\/\/zonaroja.com.mx\/wp-content\/uploads\/2022\/05\/Detenido-Flavio-comandante-armadillo.jpeg","jetpack_sharing_enabled":true,"_links":{"self":[{"href":"https:\/\/zonaroja.com.mx\/index.php?rest_route=\/wp\/v2\/posts\/41509","targetHints":{"allow":["GET"]}}],"collection":[{"href":"https:\/\/zonaroja.com.mx\/index.php?rest_route=\/wp\/v2\/posts"}],"about":[{"href":"https:\/\/zonaroja.com.mx\/index.php?rest_route=\/wp\/v2\/types\/post"}],"author":[{"embeddable":true,"href":"https:\/\/zonaroja.com.mx\/index.php?rest_route=\/wp\/v2\/users\/2"}],"replies":[{"embeddable":true,"href":"https:\/\/zonaroja.com.mx\/index.php?rest_route=%2Fwp%2Fv2%2Fcomments&post=41509"}],"version-history":[{"count":1,"href":"https:\/\/zonaroja.com.mx\/index.php?rest_route=\/wp\/v2\/posts\/41509\/revisions"}],"predecessor-version":[{"id":41511,"href":"https:\/\/zonaroja.com.mx\/index.php?rest_route=\/wp\/v2\/posts\/41509\/revisions\/41511"}],"wp:featuredmedia":[{"embeddable":true,"href":"https:\/\/zonaroja.com.mx\/index.php?rest_route=\/wp\/v2\/media\/41510"}],"wp:attachment":[{"href":"https:\/\/zonaroja.com.mx\/index.php?rest_route=%2Fwp%2Fv2%2Fmedia&parent=41509"}],"wp:term":[{"taxonomy":"category","embeddable":true,"href":"https:\/\/zonaroja.com.mx\/index.php?rest_route=%2Fwp%2Fv2%2Fcategories&post=41509"},{"taxonomy":"post_tag","embeddable":true,"href":"https:\/\/zonaroja.com.mx\/index.php?rest_route=%2Fwp%2Fv2%2Ftags&post=41509"}],"curies":[{"name":"wp","href":"https:\/\/api.w.org\/{rel}","templated":true}]}}