{"id":41512,"date":"2022-05-23T08:21:00","date_gmt":"2022-05-23T13:21:00","guid":{"rendered":"http:\/\/www.zonaroja.com.mx\/?p=41512"},"modified":"2022-05-29T05:52:14","modified_gmt":"2022-05-29T10:52:14","slug":"morena-del-no-somos-iguales-a-las-viejas-practicas-de-los-corruptos","status":"publish","type":"post","link":"https:\/\/zonaroja.com.mx\/?p=41512","title":{"rendered":"Morena: del \u201cno somos iguales\u201d a las viejas pr\u00e1cticas de los \u201ccorruptos\u201d"},"content":{"rendered":"\n<p>Ismael Garc\u00eda M.\/Zona Roja.<\/p>\n\n\n\n<p>Oaxaca de Ju\u00e1rez, Oax., 23 de mayo de 2022.- El Partido Morena se parece cada vez m\u00e1s al PRI y a los dem\u00e1s institutos pol\u00edticos que tanto critic\u00f3.<\/p>\n\n\n\n<p>Cada vez que puede, el Presidente Andr\u00e9s Manuel L\u00f3pez Obrador machaca con sus frases \u201cNo somos los mismos\u201d o \u201cNo somos iguales\u201d, para intentar hacer una diferencia con los gobiernos&nbsp; anteriores.<\/p>\n\n\n\n<p>Y estas mismas la han aplicado tambi\u00e9n los morenistas, para se\u00f1alar las \u201cviejas pr\u00e1cticas corruptas\u201d de sus contrincantes pol\u00edticos, m\u00e1s ahora en \u00e9poca electoral.<\/p>\n\n\n\n<p>En M\u00e9xico se eligen el pr\u00f3ximo 5 de junio a titulares en seis gubernaturas, incluyendo Oaxaca, pero, no obstante que en la mayor\u00eda de las entidades hay fuerte presencia de seguidores del partido que fund\u00f3 L\u00f3pez Obrador, han echado mano de lo que tanto criticaban.<\/p>\n\n\n\n<p>Al estilo de los \u201ccorruptos\u201d, Morena y el mandatario mexicano han utilizado a los funcionarios de primer nivel para promover a sus candidatos.&nbsp;<\/p>\n\n\n\n<p>Es el caso de Ad\u00e1n Augusto L\u00f3pez, el segundo secretario de Gobernaci\u00f3n del sexenio, responsable de la pol\u00edtica interior del Estado, pero que ha acudido a diversos m\u00edtines pol\u00edticos, como ocurri\u00f3 este domingo en Oaxaca.<\/p>\n\n\n\n<p>Y como ha sucedido en otras entidades, que ha visitado, justamente donde hay comicios dentro de dos semanas.<\/p>\n\n\n\n<p>Con ello, resta respetabilidad a su investidura, pues es justamente el responsable del di\u00e1logo y los acuerdos con todas las fuerzas pol\u00edticas del pa\u00eds, organizaciones sociales, gobiernos estatales, entre otros.<\/p>\n\n\n\n<p>Causa a\u00fan mayor extra\u00f1eza \u2014y seguramente indignaci\u00f3n\u2014 que Ad\u00e1n Augusto L\u00f3pez acuda a visitar estados de la rep\u00fablica para actos proselitistas, mas no para actos de gobernabilidad.&nbsp;<\/p>\n\n\n\n<p>En Oaxaca por lo menos, no se le recuerda alguna actividad oficial que haya tenido \u2014pese al respaldo presidencial a Alejandro Murat\u2014 para analizar y dialogar sobre temas tan torales como la migraci\u00f3n, o la gobernabilidad que se requiere en la regi\u00f3n del Istmo, a prop\u00f3sito del proyecto del Corredor Interoce\u00e1nico.<\/p>\n\n\n\n<p>\u00bfEl secretario pidi\u00f3 o ha pedido permiso a su cargo para andar en campa\u00f1a pol\u00edtica los fines de semana? O c\u00f3mo entender que por la ma\u00f1ana de este domingo 22 de mayo presidi\u00f3 un acto oficial a nombre del Presidente en Acapulco y horas despu\u00e9s lleg\u00f3 a Oaxaca a hacer proselitismo.&nbsp;<\/p>\n\n\n\n<p>LOS PRESIDENCIABLES&nbsp;<\/p>\n\n\n\n<p>Y seguramente el secretario de Gobernaci\u00f3n incurre en esas pr\u00e1cticas deleznables amparado en su jefe, el titular del Poder Ejecutivo de la naci\u00f3n, Andr\u00e9s Manuel L\u00f3pez Obrador, quien frecuentemente ha sido sancionado por autoridades electorales por proselitismo pol\u00edtico.<\/p>\n\n\n\n<p>Como sucedi\u00f3 previo a la jornada de revocaci\u00f3n de mandato, en que utiliz\u00f3 toda la fuerza del Estado, incluyendo la de legisladores, para promover esa jornada. O como ocurre ahora en la disputa por seis gubernaturas.<\/p>\n\n\n\n<p>Apenas termin\u00f3 medio sexenio y ya dio arranque a la sucesi\u00f3n, al destapar a sus \u201ccorcholatas\u00bb. Desde su p\u00falpito ma\u00f1anero, el Presidente ha apuntalado a sus preferidos para el a\u00f1o 2024, principalmente Claudia Sheinbaum, hasta ahora su preferida, y el canciller Marcelo Ebrard.<\/p>\n\n\n\n<p>Tan ha sido criticado su favoritismo que ha tenido que abrir la lista de aspirantes, entre ellos al secretario de Gobernaci\u00f3n y hasta al gobernador de Oaxaca, Alejandro Murat, del PRI, y que podr\u00eda ir con Morena una vez que termine su sexenio.<\/p>\n\n\n\n<p>\u00bfEl senador Ricardo Monreal? Simplemente no est\u00e1 en sus afectos.<\/p>\n\n\n\n<p>MARCELO Y CLAUDIA<\/p>\n\n\n\n<p>Claudia Sheinbaum, jefa de Gobierno de la Ciudad de M\u00e9xico, tambi\u00e9n se olvid\u00f3 del \u201cno somos iguales\u201d y al estilo de los viejos partidos pol\u00edticos, argumenta que usa d\u00edas no laborables, y hasta pide \u201cpermiso\u201d a su cargo, para andar en campa\u00f1a pol\u00edtica.<\/p>\n\n\n\n<p>El s\u00e1bado estuvo en Oaxaca y el domingo en Tamaulipas, sus m\u00e1s recientes giras proselitistas, para promover su imagen, m\u00e1s que a los candidatos que acompa\u00f1a; incluso ya se atrevi\u00f3 a soltar que \u201cM\u00e9xico est\u00e1 preparado para una gobernadora\u201d.<\/p>\n\n\n\n<p>Sin embargo, la capital del pa\u00eds enfrenta m\u00faltiples problemas que no hablan de una gobernante eficiente, sino una que abandona el cargo por asuntos pol\u00edticos.<\/p>\n\n\n\n<p>Contrario a su funci\u00f3n, de tender lazos con los pa\u00edses del mundo y los mexicanos en el exterior, el secretario de Relaciones Exteriores tambi\u00e9n se ha soltado y acude constantemente a mitines de campa\u00f1a, como sucedi\u00f3 el pasado domino en Canc\u00fan, Quintana Roo.<\/p>\n\n\n\n<p>Y por la naturaleza de su cargo, es poco conocido en el pa\u00eds y menos en zonas rurales; sin embargo, algunos sondeos que se han dado a conocer, lo colocan a la par de popularidad que Claudia Sheinbaum o incluso la rebasa por puntos.<\/p>\n\n\n\n<p>\u00bfQU\u00c9 ESPERAR?<\/p>\n\n\n\n<p>Como sea y quien sea, nada \u00e9tico el papel de funcionarios federales y la jefa de Gobierno, como el del Presidente de M\u00e9xico. Insistimos: est\u00e1n haciendo exactamente lo mismo del PRI y otros partidos longevos.<\/p>\n\n\n\n<p>Aunque finalmente de Morena no se puede esperar mucho, pues su g\u00e9nesis est\u00e1 en el PRD, de supuesta izquierda y que tanto negoci\u00f3 con el poder presidencial o estatal priista para subsistir.<\/p>\n\n\n\n<p>Entonces, \u00bfen d\u00f3nde est\u00e1 el \u201cNo robar, no mentir y no traicionar al pueblo?\u201d. Sin duda que, si como candidatos los morenistas y los funcionarios recurrieron a las viejas pr\u00e1cticas, como gobierno seguir\u00e1n la misma t\u00f3nica.<\/p>\n","protected":false},"excerpt":{"rendered":"<p>Ismael Garc\u00eda M.\/Zona Roja. Oaxaca de Ju\u00e1rez, Oax., 23 de mayo de 2022.- El Partido&hellip;<\/p>\n","protected":false},"author":2,"featured_media":7610,"comment_status":"closed","ping_status":"open","sticky":false,"template":"","format":"standard","meta":{"_lmt_disableupdate":"","_lmt_disable":"","_jetpack_memberships_contains_paid_content":false,"footnotes":""},"categories":[456,109,48],"tags":[1353],"class_list":["post-41512","post","type-post","status-publish","format-standard","has-post-thumbnail","hentry","category-columna","category-minuto-a-minuto","category-zona-critica","tag-opinion-zona-critica"],"jetpack_featured_media_url":"https:\/\/zonaroja.com.mx\/wp-content\/uploads\/2020\/01\/Opini\u00f3n-Zona-Cr\u00edtica.jpg","jetpack_sharing_enabled":true,"_links":{"self":[{"href":"https:\/\/zonaroja.com.mx\/index.php?rest_route=\/wp\/v2\/posts\/41512","targetHints":{"allow":["GET"]}}],"collection":[{"href":"https:\/\/zonaroja.com.mx\/index.php?rest_route=\/wp\/v2\/posts"}],"about":[{"href":"https:\/\/zonaroja.com.mx\/index.php?rest_route=\/wp\/v2\/types\/post"}],"author":[{"embeddable":true,"href":"https:\/\/zonaroja.com.mx\/index.php?rest_route=\/wp\/v2\/users\/2"}],"replies":[{"embeddable":true,"href":"https:\/\/zonaroja.com.mx\/index.php?rest_route=%2Fwp%2Fv2%2Fcomments&post=41512"}],"version-history":[{"count":1,"href":"https:\/\/zonaroja.com.mx\/index.php?rest_route=\/wp\/v2\/posts\/41512\/revisions"}],"predecessor-version":[{"id":41513,"href":"https:\/\/zonaroja.com.mx\/index.php?rest_route=\/wp\/v2\/posts\/41512\/revisions\/41513"}],"wp:featuredmedia":[{"embeddable":true,"href":"https:\/\/zonaroja.com.mx\/index.php?rest_route=\/wp\/v2\/media\/7610"}],"wp:attachment":[{"href":"https:\/\/zonaroja.com.mx\/index.php?rest_route=%2Fwp%2Fv2%2Fmedia&parent=41512"}],"wp:term":[{"taxonomy":"category","embeddable":true,"href":"https:\/\/zonaroja.com.mx\/index.php?rest_route=%2Fwp%2Fv2%2Fcategories&post=41512"},{"taxonomy":"post_tag","embeddable":true,"href":"https:\/\/zonaroja.com.mx\/index.php?rest_route=%2Fwp%2Fv2%2Ftags&post=41512"}],"curies":[{"name":"wp","href":"https:\/\/api.w.org\/{rel}","templated":true}]}}