{"id":41514,"date":"2022-05-23T08:30:11","date_gmt":"2022-05-23T13:30:11","guid":{"rendered":"http:\/\/www.zonaroja.com.mx\/?p=41514"},"modified":"2022-05-23T08:30:13","modified_gmt":"2022-05-23T13:30:13","slug":"ofrece-aaa-hacer-realidad-anhelos-de-quienes-han-depositado-confianza-en-su-candidatura","status":"publish","type":"post","link":"https:\/\/zonaroja.com.mx\/?p=41514","title":{"rendered":"Ofrece AAA hacer realidad anhelos de quienes han depositado confianza en su candidatura"},"content":{"rendered":"\n<p>Redacci\u00f3n\/Zona Roja.<\/p>\n\n\n\n<p>Oaxaca de Ju\u00e1rez, Oax., 23 mayo de 2022.- De la mano de l\u00edderes, comerciantes, locatarios y de las y los trabajadores de la Central de Abasto, el candidato com\u00fan del PRI-PRD al gobierno de Oaxaca, Alejandro Avil\u00e9s \u00c1lvarez recalc\u00f3 que a partir del 5 de junio, las y los oaxaque\u00f1os tendr\u00e1n un gobierno emanado del pueblo, que trabajar\u00e1 todos los d\u00edas para cumplir los sue\u00f1os y anhelos de todas las familias que quieren un estado con progreso y desarrollo.&nbsp;<\/p>\n\n\n\n<p>\u201cQuiero decirles que soy un hombre de palabra y de resultados, soy un hombre que cumple sus compromisos porque vengo desde abajo y conozco cada una de sus necesidades. Por eso, como gobernador atender\u00e9 primero a las personas que menos tienen y que m\u00e1s necesitan porque ser\u00e1n mi prioridad\u201d, remarc\u00f3.<\/p>\n\n\n\n<p>Con la fuerza multitudinaria de la militancia priista, Alejandro Avil\u00e9s reiter\u00f3 su compromiso de encabezar un gobierno incluyente, con vocaci\u00f3n humanista, que pondr\u00e1 en el centro de sus decisiones el bienestar y la felicidad de las y los oaxaque\u00f1os, con la encomienda de brindar mejores oportunidades para las mujeres, j\u00f3venes, profesionistas y empresarios.&nbsp;<\/p>\n\n\n\n<p>\u201cEstos 15 d\u00edas que restan vamos a meter el acelerador y llevaremos nuestro mensaje en cada casa; porque cada voto representa becas para las y los estudiantes, representa los empleos que vamos a generar, los apoyos m\u00e9dicos, ex\u00e1menes y medicamentos, as\u00ed como los apoyos a los campesinos y profesionistas\u201d, agreg\u00f3.\u00a0<\/p>\n\n\n\n<figure class=\"wp-block-embed is-type-rich is-provider-twitter wp-block-embed-twitter\"><div class=\"wp-block-embed__wrapper\">\n<div class=\"twitter-tweet\"><blockquote class=\"twitter-tweet\" data-lang=\"es\"><p lang=\"es\" dir=\"ltr\"><a href=\"https:\/\/twitter.com\/hashtag\/EleccionesOaxaca2022?src=hash&amp;ref_src=twsrc%5Etfw\">#EleccionesOaxaca2022<\/a><br>El PRD organiz\u00f3 este domingo por la tarde una calenda en la ciudad de Oaxaca, en apoyo a <a href=\"https:\/\/twitter.com\/_AvilesAlvarez?ref_src=twsrc%5Etfw\">@_AvilesAlvarez<\/a>, candidato a gobernador del estado, quien encabez\u00f3 la festiva movilizaci\u00f3n. <a href=\"https:\/\/t.co\/fjeU2V1bcj\">pic.twitter.com\/fjeU2V1bcj<\/a><\/p>&mdash; Zona Roja Oaxaca (@ZonaRoja_Oaxaca) <a href=\"https:\/\/twitter.com\/ZonaRoja_Oaxaca\/status\/1528535698260692992?ref_src=twsrc%5Etfw\">23 de mayo de 2022<\/a><\/blockquote><\/div>\n<\/div><\/figure>\n\n\n\n<p>Posteriormente en la colonia Guillermo Gonz\u00e1lez Guardado, perteneciente al municipio de la Villa de Zaachila, el \u201cTriple A\u201d destac\u00f3 que en su administraci\u00f3n se integrar\u00e1n los programas sociales en una sola tarjeta denominada la \u201cTripleta\u201d, que beneficiar\u00e1 a jefas de familia, mujeres trabajadoras, adultos mayores y estudiantes y emprendedores con el otorgamiento de apoyos, subsidios y beneficios sociales.&nbsp;<\/p>\n\n\n\n<p>\u201cCon esta tarjeta van a tener derecho a contar con \u00fatiles y uniformes escolares, becas para que sus hijos sigan estudiando, servicios de salud, consultas y medicamentos gratis. Tambi\u00e9n, tendr\u00e1n derecho a ex\u00e1menes de prevenci\u00f3n para el c\u00e1ncer de mama y enfermedades cr\u00f3nicas, totalmente gratis\u201d, enfatiz\u00f3.&nbsp;<\/p>\n\n\n\n<p>Finalmente, el candidato tricolor envi\u00f3 un mensaje para las y los j\u00f3venes oaxaque\u00f1os, a quienes confirm\u00f3 que al terminar su carrera universitaria tendr\u00e1n asegurado su primer trabajo con la implementaci\u00f3n del programa \u201cTu Primer Empleo\u201d, que brindar\u00e1 oportunidades laborales a las y los reci\u00e9n egresados de las universidades.&nbsp;<\/p>\n\n\n\n<p>\u201cQuiero que todas y todos los j\u00f3venes sepan que no est\u00e1n solos y que contar\u00e1n conmigo para salir adelante y para cumplir cada uno de sus sue\u00f1os\u201d, expres\u00f3.<\/p>\n\n\n\n<figure class=\"wp-block-embed is-type-rich is-provider-twitter wp-block-embed-twitter\"><div class=\"wp-block-embed__wrapper\">\n<div class=\"twitter-tweet\"><blockquote class=\"twitter-tweet\" data-lang=\"es\"><p lang=\"es\" dir=\"ltr\">En la Central de Abasto de la ciudad de Oaxaca, en \u201cTriple A\u201d tuvo un acto masivo este d\u00eda. <br>\u201cAgradezco el apoyo de mis amigas y amigos l\u00edderes, comerciantes, emprendedores y trabajadores. Este 5 de junio ganaremos porque tenemos las mejores propuestas\u201d, dijo <a href=\"https:\/\/twitter.com\/_AvilesAlvarez?ref_src=twsrc%5Etfw\">@_AvilesAlvarez<\/a>. <a href=\"https:\/\/t.co\/RlLKCFO1Y5\">pic.twitter.com\/RlLKCFO1Y5<\/a><\/p>&mdash; Zona Roja Oaxaca (@ZonaRoja_Oaxaca) <a href=\"https:\/\/twitter.com\/ZonaRoja_Oaxaca\/status\/1528489780228636673?ref_src=twsrc%5Etfw\">22 de mayo de 2022<\/a><\/blockquote><\/div>\n<\/div><\/figure>\n","protected":false},"excerpt":{"rendered":"<p>Redacci\u00f3n\/Zona Roja. Oaxaca de Ju\u00e1rez, Oax., 23 mayo de 2022.- De la mano de l\u00edderes,&hellip;<\/p>\n","protected":false},"author":2,"featured_media":41515,"comment_status":"closed","ping_status":"open","sticky":false,"template":"","format":"standard","meta":{"_lmt_disableupdate":"","_lmt_disable":"","_jetpack_memberships_contains_paid_content":false,"footnotes":""},"categories":[109,46],"tags":[316],"class_list":["post-41514","post","type-post","status-publish","format-standard","has-post-thumbnail","hentry","category-minuto-a-minuto","category-zona-blanca","tag-alejandro-aviles-alvarez"],"jetpack_featured_media_url":"https:\/\/zonaroja.com.mx\/wp-content\/uploads\/2022\/05\/Alejandro-Aviles-Valles-Centrales-y-PRD.jpg","jetpack_sharing_enabled":true,"_links":{"self":[{"href":"https:\/\/zonaroja.com.mx\/index.php?rest_route=\/wp\/v2\/posts\/41514","targetHints":{"allow":["GET"]}}],"collection":[{"href":"https:\/\/zonaroja.com.mx\/index.php?rest_route=\/wp\/v2\/posts"}],"about":[{"href":"https:\/\/zonaroja.com.mx\/index.php?rest_route=\/wp\/v2\/types\/post"}],"author":[{"embeddable":true,"href":"https:\/\/zonaroja.com.mx\/index.php?rest_route=\/wp\/v2\/users\/2"}],"replies":[{"embeddable":true,"href":"https:\/\/zonaroja.com.mx\/index.php?rest_route=%2Fwp%2Fv2%2Fcomments&post=41514"}],"version-history":[{"count":1,"href":"https:\/\/zonaroja.com.mx\/index.php?rest_route=\/wp\/v2\/posts\/41514\/revisions"}],"predecessor-version":[{"id":41516,"href":"https:\/\/zonaroja.com.mx\/index.php?rest_route=\/wp\/v2\/posts\/41514\/revisions\/41516"}],"wp:featuredmedia":[{"embeddable":true,"href":"https:\/\/zonaroja.com.mx\/index.php?rest_route=\/wp\/v2\/media\/41515"}],"wp:attachment":[{"href":"https:\/\/zonaroja.com.mx\/index.php?rest_route=%2Fwp%2Fv2%2Fmedia&parent=41514"}],"wp:term":[{"taxonomy":"category","embeddable":true,"href":"https:\/\/zonaroja.com.mx\/index.php?rest_route=%2Fwp%2Fv2%2Fcategories&post=41514"},{"taxonomy":"post_tag","embeddable":true,"href":"https:\/\/zonaroja.com.mx\/index.php?rest_route=%2Fwp%2Fv2%2Ftags&post=41514"}],"curies":[{"name":"wp","href":"https:\/\/api.w.org\/{rel}","templated":true}]}}