{"id":41517,"date":"2022-05-23T12:47:46","date_gmt":"2022-05-23T17:47:46","guid":{"rendered":"http:\/\/www.zonaroja.com.mx\/?p=41517"},"modified":"2022-05-23T19:31:12","modified_gmt":"2022-05-24T00:31:12","slug":"__trashed-2","status":"publish","type":"post","link":"https:\/\/zonaroja.com.mx\/?p=41517","title":{"rendered":"Repunta en Oaxaca el trabajo informal a inicio de 2022: Inegi"},"content":{"rendered":"\n<p>Yuridiana Sosa\/Zona Roja.<\/p>\n\n\n\n<p>Oaxaca de Ju\u00e1rez, Oax., 23 de mayo de 2022.- Oaxaca inici\u00f3 el a\u00f1o como la entidad con el mayor porcentaje de la informalidad laboral el M\u00e9xico, superando sus propias cifras respecto al 2021, de acuerdo a la Encuesta Nacional de Ocupaci\u00f3n y Empleo Nueva Edici\u00f3n (ENOEN), del primer trimestre del a\u00f1o.<\/p>\n\n\n\n<p>La encuesta realizada por el Instituto Nacional de Geograf\u00eda y Estad\u00edstica (Inegi) report\u00f3 en su informe m\u00e1s reciente, de enero a marzo de 2022, que las tasas m\u00e1s altas de informalidad laboral se localizaron en Oaxaca con un 81.3 por ciento; Guerrero, 78.1 por ciento y Chiapas, 73.8 por ciento.<\/p>\n\n\n\n<p>De acuerdo a la ENOEN, la Poblaci\u00f3n Econ\u00f3micamente Activa (PEA) en Oaxaca pas\u00f3 de un mill\u00f3n 852 mil a un mill\u00f3n 884 mil personas, del que la mayor parte se emplea en la informalidad.<\/p>\n\n\n\n<p>Es decir, la ocupaci\u00f3n informal pas\u00f3 de un mill\u00f3n 454 mil personas que laboraron en esta rama en el primer trimestre de 2021 a un mill\u00f3n 508 mil personas en el mismo periodo de 2022.<\/p>\n\n\n\n<p>En tanto, la poblaci\u00f3n desocupada en la entidad (que se encontraba sin trabajar, que estaba disponible y busc\u00f3 trabajo), de enero a marzo, tambi\u00e9n increment\u00f3 ligeramente respecto al 2021, al pasar de 1.5 a 1.6 por ciento.<\/p>\n\n\n\n<p>Oaxaca tambi\u00e9n present\u00f3 un incremento en la Poblaci\u00f3n No Econ\u00f3micamente Activa (PNEA), pues con se reportaron 13 mil personas m\u00e1s que en 2021, con un total de un mill\u00f3n 235 mil personas en esta condici\u00f3n a inicio de 2022.<\/p>\n\n\n\n<p>Respecto a la ocupaci\u00f3n, en el primer trimestre de 2022, la distribuci\u00f3n indica que los trabajadores subordinados y remunerados concentraron 45.9 por ciento del total de la poblaci\u00f3n ocupada y los trabajadores por cuenta propia representaron 38.9 por ciento.<\/p>\n\n\n\n<p>La encuesta detall\u00f3 que entre el primer trimestre de 2021 y 2022, estos son los dos grupos ocupacionales m\u00e1s relevantes y en t\u00e9rminos absolutos los trabajadores subordinados y remunerados disminuyeron en 23 mil y los trabajadores por cuenta propia aumentaron en 65 mil personas.<\/p>\n\n\n\n<p>EN M\u00c9XICO<\/p>\n\n\n\n<p>La Poblaci\u00f3n Econ\u00f3micamente Activa (PEA) en M\u00e9xico, durante el primer trimestre de 2022, fue de 58.1 millones de personas, 2.7 millones m\u00e1s que en el primer trimestre de 2021. Esta cifra representa el 58.7 por ciento de la poblaci\u00f3n de 15 a\u00f1os y m\u00e1s.<\/p>\n\n\n\n<p>Pero un total de 56.1 millones de personas se encontraban ocupadas, 3.1 millones de personas m\u00e1s con relaci\u00f3n al mismo trimestre de 2021. Dicho aumento se concentr\u00f3 en el comercio con un aumento de 893 mil ocupados; en restaurantes y servicios de alojamiento el aumento fue de 586 mil, en servicios diversos 490 mil y en servicios profesionales, financieros y corporativos 407 mil.<\/p>\n\n\n\n<p>El INEGI indic\u00f3 que las personas ocupadas en micro negocios aument\u00f3 1.5 millones, en los peque\u00f1os establecimientos 527 mil y en los grandes establecimientos 462 mil.<\/p>\n\n\n\n<p>Por otra parte, entre enero y marzo de 2022, la tasa de desocupaci\u00f3n fue de 3.5 por ciento de la Poblaci\u00f3n Econ\u00f3micamente Activa, cifra menor que el 4.4 por ciento del mismo periodo del 2021.<\/p>\n","protected":false},"excerpt":{"rendered":"<p>Yuridiana Sosa\/Zona Roja. Oaxaca de Ju\u00e1rez, Oax., 23 de mayo de 2022.- Oaxaca inici\u00f3 el&hellip;<\/p>\n","protected":false},"author":2,"featured_media":15160,"comment_status":"closed","ping_status":"open","sticky":false,"template":"","format":"standard","meta":{"_lmt_disableupdate":"","_lmt_disable":"","_jetpack_memberships_contains_paid_content":false,"footnotes":""},"categories":[109,47],"tags":[3145],"class_list":["post-41517","post","type-post","status-publish","format-standard","has-post-thumbnail","hentry","category-minuto-a-minuto","category-zona-gris","tag-desempleo-en-oaxaca"],"jetpack_featured_media_url":"https:\/\/zonaroja.com.mx\/wp-content\/uploads\/2020\/07\/Ambulantes-ciudad-de-Oaxaca.jpg","jetpack_sharing_enabled":true,"_links":{"self":[{"href":"https:\/\/zonaroja.com.mx\/index.php?rest_route=\/wp\/v2\/posts\/41517","targetHints":{"allow":["GET"]}}],"collection":[{"href":"https:\/\/zonaroja.com.mx\/index.php?rest_route=\/wp\/v2\/posts"}],"about":[{"href":"https:\/\/zonaroja.com.mx\/index.php?rest_route=\/wp\/v2\/types\/post"}],"author":[{"embeddable":true,"href":"https:\/\/zonaroja.com.mx\/index.php?rest_route=\/wp\/v2\/users\/2"}],"replies":[{"embeddable":true,"href":"https:\/\/zonaroja.com.mx\/index.php?rest_route=%2Fwp%2Fv2%2Fcomments&post=41517"}],"version-history":[{"count":2,"href":"https:\/\/zonaroja.com.mx\/index.php?rest_route=\/wp\/v2\/posts\/41517\/revisions"}],"predecessor-version":[{"id":41528,"href":"https:\/\/zonaroja.com.mx\/index.php?rest_route=\/wp\/v2\/posts\/41517\/revisions\/41528"}],"wp:featuredmedia":[{"embeddable":true,"href":"https:\/\/zonaroja.com.mx\/index.php?rest_route=\/wp\/v2\/media\/15160"}],"wp:attachment":[{"href":"https:\/\/zonaroja.com.mx\/index.php?rest_route=%2Fwp%2Fv2%2Fmedia&parent=41517"}],"wp:term":[{"taxonomy":"category","embeddable":true,"href":"https:\/\/zonaroja.com.mx\/index.php?rest_route=%2Fwp%2Fv2%2Fcategories&post=41517"},{"taxonomy":"post_tag","embeddable":true,"href":"https:\/\/zonaroja.com.mx\/index.php?rest_route=%2Fwp%2Fv2%2Ftags&post=41517"}],"curies":[{"name":"wp","href":"https:\/\/api.w.org\/{rel}","templated":true}]}}