{"id":41519,"date":"2022-05-23T12:47:14","date_gmt":"2022-05-23T17:47:14","guid":{"rendered":"https:\/\/www.zonaroja.com.mx\/?p=41519"},"modified":"2022-05-23T19:31:40","modified_gmt":"2022-05-24T00:31:40","slug":"resiste-residente-claman-desde-la-calle-medicos-de-oaxaca","status":"publish","type":"post","link":"https:\/\/zonaroja.com.mx\/?p=41519","title":{"rendered":"\u201c\u00a1Resiste residente!\u201d, claman desde la calle m\u00e9dicos de Oaxaca"},"content":{"rendered":"\n<p>Yuridiana Sosa\/Zona Roja.<\/p>\n\n\n\n<p>Oaxaca de Ju\u00e1rez, Oax., 23 de mayo de 2022.- \u201c\u00a1Alejandro Murat, escucha al hospital!\u201d \u201c\u00a1Comida sin gusanos!\u201d, \u201c\u00a1Resiste residente!\u201d, fueron parte de las consignas que m\u00e9dicos residentes del Hospital Civil \u201cDr. Aurelio Valdivieso\u201d de Oaxaca expresaron durante una marcha en la capital, en su sexto d\u00eda de protesta.<\/p>\n\n\n\n<p>El pasado mi\u00e9rcoles 18 de mayo, unos 100 M\u00e9dicos Internos de Pregrado (MIP) del nosocomio se instalaron en asamblea permanente ante la falta de condiciones laborales y ante presuntas violaciones de sus derechos humanos y como trabajadores del sector de la salud. <\/p>\n\n\n\n<p>A casi una semana de ser ignoradas sus demandas, en favor de una atenci\u00f3n digna a los oaxaque\u00f1os, los m\u00e9dicos residentes salieron a las calles para manifestar una vez m\u00e1s sus inconformidades.<\/p>\n\n\n\n<p>Ataviados en sus batas blancas, los j\u00f3venes profesionistas de la salud se desplazaron desde la fuente de las \u201cOcho Regiones\u201d hasta el z\u00f3calo de la capital. Portaron mantas y cartulinas en las que exhibieron violaciones laborales y humanos, que entre las que se destac\u00f3 fue que reciben alimentos con gusanos, as\u00ed demostrado por medio de im\u00e1genes de sus comidas y la cocina del lugar. <\/p>\n\n\n\n<p>A todo pulm\u00f3n, los m\u00e9dicos llamaron la atenci\u00f3n del gobernador del estado. \u201c\u00a1Alejandro Murat, escucha al hospital!\u201d, \u201c\u00a1Resiste residente, resiste residente!\u201d, \u201c\u00a1Comida sin gusanos, comida sin gusanos!\u201d.<\/p>\n\n\n\n<p>Los M\u00e9dicos Internos de Pregrado tambi\u00e9n exigen medicamentos, insumos para mejorar la atenci\u00f3n de los pacientes y uniformes que por ley les corresponde. \u201cYo no quiero que me regalen nada, solo exijo mis derechos\u201d, apuntaron desde cartulinas.&nbsp;<\/p>\n\n\n\n<p>Desde hace seis d\u00edas los afectados manifestaron que perciben salarios de 900 pesos a la quincena, con jornadas de guardias de hasta 36 horas.&nbsp;<\/p>\n\n\n\n<p>Todas las carencias, afirman, son una violaci\u00f3n al proyecto de modificaci\u00f3n a la Norma Oficial Mexicana NOM-234-SSA1-2003 a PROY-NOM-033-SSA3-2013, Educaci\u00f3n en Salud, que \u201cestablece los criterios m\u00ednimos para la utilizaci\u00f3n de los establecimientos para la atenci\u00f3n m\u00e9dica de las instituciones del Sistema Nacional de Salud como campos cl\u00ednicos para ciclos cl\u00ednicos e internado de pregrado de la licenciatura en medicina\u201d.<\/p>\n\n\n\n<p>La marcha lleg\u00f3 al z\u00f3calo y despu\u00e9s los inconformes se trasladaron a las oficinas de los Servicios de Salud de Oaxaca, en la calle J.P. Garc\u00eda del centro, donde finalmente fueron atendidos. <\/p>\n\n\n\n<p> <\/p>\n","protected":false},"excerpt":{"rendered":"<p>Yuridiana Sosa\/Zona Roja. Oaxaca de Ju\u00e1rez, Oax., 23 de mayo de 2022.- \u201c\u00a1Alejandro Murat, escucha&hellip;<\/p>\n","protected":false},"author":2,"featured_media":41518,"comment_status":"closed","ping_status":"open","sticky":false,"template":"","format":"standard","meta":{"_lmt_disableupdate":"","_lmt_disable":"","_jetpack_memberships_contains_paid_content":false,"footnotes":""},"categories":[109,47],"tags":[1005],"class_list":["post-41519","post","type-post","status-publish","format-standard","has-post-thumbnail","hentry","category-minuto-a-minuto","category-zona-gris","tag-servicios-de-salud-de-oaxaca-sso"],"jetpack_featured_media_url":"https:\/\/zonaroja.com.mx\/wp-content\/uploads\/2022\/05\/0a8cee3c-7af6-4257-bfc9-73991f3daf24.jpg","jetpack_sharing_enabled":true,"_links":{"self":[{"href":"https:\/\/zonaroja.com.mx\/index.php?rest_route=\/wp\/v2\/posts\/41519","targetHints":{"allow":["GET"]}}],"collection":[{"href":"https:\/\/zonaroja.com.mx\/index.php?rest_route=\/wp\/v2\/posts"}],"about":[{"href":"https:\/\/zonaroja.com.mx\/index.php?rest_route=\/wp\/v2\/types\/post"}],"author":[{"embeddable":true,"href":"https:\/\/zonaroja.com.mx\/index.php?rest_route=\/wp\/v2\/users\/2"}],"replies":[{"embeddable":true,"href":"https:\/\/zonaroja.com.mx\/index.php?rest_route=%2Fwp%2Fv2%2Fcomments&post=41519"}],"version-history":[{"count":1,"href":"https:\/\/zonaroja.com.mx\/index.php?rest_route=\/wp\/v2\/posts\/41519\/revisions"}],"predecessor-version":[{"id":41520,"href":"https:\/\/zonaroja.com.mx\/index.php?rest_route=\/wp\/v2\/posts\/41519\/revisions\/41520"}],"wp:featuredmedia":[{"embeddable":true,"href":"https:\/\/zonaroja.com.mx\/index.php?rest_route=\/wp\/v2\/media\/41518"}],"wp:attachment":[{"href":"https:\/\/zonaroja.com.mx\/index.php?rest_route=%2Fwp%2Fv2%2Fmedia&parent=41519"}],"wp:term":[{"taxonomy":"category","embeddable":true,"href":"https:\/\/zonaroja.com.mx\/index.php?rest_route=%2Fwp%2Fv2%2Fcategories&post=41519"},{"taxonomy":"post_tag","embeddable":true,"href":"https:\/\/zonaroja.com.mx\/index.php?rest_route=%2Fwp%2Fv2%2Ftags&post=41519"}],"curies":[{"name":"wp","href":"https:\/\/api.w.org\/{rel}","templated":true}]}}