{"id":41530,"date":"2022-05-23T19:40:52","date_gmt":"2022-05-24T00:40:52","guid":{"rendered":"http:\/\/www.zonaroja.com.mx\/?p=41530"},"modified":"2022-05-23T19:40:52","modified_gmt":"2022-05-24T00:40:52","slug":"triple-a-unico-candidato-que-se-acerco-al-sector-cultural-para-crear-agenda","status":"publish","type":"post","link":"https:\/\/zonaroja.com.mx\/?p=41530","title":{"rendered":"\u201cTriple A\u201d, \u00fanico candidato que se acerc\u00f3 al sector cultural para crear agenda"},"content":{"rendered":"\n<p>Yuridiana Sosa\/Zona Roja.<\/p>\n\n\n\n<p>Oaxaca de Ju\u00e1rez, Oax., 23 de mayo de 2022.- Para la promoci\u00f3n, protecci\u00f3n e impulso del patrimonio cultural de Oaxaca, tangible e intangible, actores de los distintos \u00e1mbitos art\u00edsticos y culturales de Oaxaca presentaron la agenda de gobierno que crearon en conjunto con el candidato a gobernador de Oaxaca, por PRI-PRD, Alejandro Avil\u00e9s \u00c1lvarez.<\/p>\n\n\n\n<p>En conferencia, los artistas reconocieron que el aspirante del PRI fue el \u00fanico que se acerc\u00f3 a este sector de la sociedad para contemplar en sus propuestas de trabajo a las culturas y las artes, por lo que el trabajo planteado es partir de la experiencia colectiva de este gremio en Oaxaca.<\/p>\n\n\n\n<p>Expertos como Enrique L\u00f3pez Hern\u00e1ndez, Mar\u00eda Concepci\u00f3n Villalobos y Maribel S\u00e1nchez fueron los portavoces del sector, quienes proyectan la creaci\u00f3n o actualizaci\u00f3n de un cat\u00e1logo para la preservaci\u00f3n, difusi\u00f3n y fortalecimiento del patrimonio tangible de Oaxaca, como museos, edificios, obras, entre otros referentes.<\/p>\n\n\n\n<figure class=\"wp-block-embed is-type-rich is-provider-twitter wp-block-embed-twitter\"><div class=\"wp-block-embed__wrapper\">\n<div class=\"twitter-tweet\"><blockquote class=\"twitter-tweet\" data-lang=\"es\"><p lang=\"es\" dir=\"ltr\"><a href=\"https:\/\/twitter.com\/hashtag\/EleccionesOaxaca2022?src=hash&amp;ref_src=twsrc%5Etfw\">#EleccionesOaxaca2022<\/a><br>En conferencia de prensa, el candidato del PRI-PRD a gobernador, <a href=\"https:\/\/twitter.com\/_AvilesAlvarez?ref_src=twsrc%5Etfw\">@_AvilesAlvarez<\/a>, present\u00f3 sus propuestas de campa\u00f1a a favor de la cultura y de la protecci\u00f3n del patrimonio. <a href=\"https:\/\/t.co\/UW86FGLiko\">pic.twitter.com\/UW86FGLiko<\/a><\/p>&mdash; Zona Roja Oaxaca (@ZonaRoja_Oaxaca) <a href=\"https:\/\/twitter.com\/ZonaRoja_Oaxaca\/status\/1528757713014034432?ref_src=twsrc%5Etfw\">23 de mayo de 2022<\/a><\/blockquote><\/div>\n<\/div><\/figure>\n\n\n\n<p>Capacitaci\u00f3n art\u00edstica para el impulso de los talentos oaxaque\u00f1os; crear talleres para directores o instructores de proyectos comunitarios; reforzar programas de creaciones art\u00edsticas, como son bandas musicales, as\u00ed como becas para artistas de los pueblos originarios para que contin\u00faen sus estudios, con otro de los puntos expuestos.<\/p>\n\n\n\n<p>Tambi\u00e9n apuntaron que se planean festivales art\u00edsticos con proyecci\u00f3n nacional e internacional, festivales tem\u00e1ticos; crear un fondo para el desarrollo cultural y est\u00edmulos para artistas y espacios independientes, adem\u00e1s de pr\u00e9stamos blandos para peque\u00f1as empresas culturales.<\/p>\n\n\n\n<p>\u201cMe comprometo a garantizar la gobernabilidad para que los artistas sigan creando y cuenten con las condiciones para mejorar su trabajo\u201d, expres\u00f3 el aspirante a gobernador, Alejandro Avil\u00e9s durante su encuentro semanal con los medios de comunicaci\u00f3n.<\/p>\n\n\n\n<p>El candidato destac\u00f3 la importancia de crear una agenda desde este sector ante la diversidad cultural y \u00e9tnica de Oaxaca con sus 16 pueblos originarios, los cuales merecen espacios para sus expresiones.<\/p>\n","protected":false},"excerpt":{"rendered":"<p>Yuridiana Sosa\/Zona Roja. Oaxaca de Ju\u00e1rez, Oax., 23 de mayo de 2022.- Para la promoci\u00f3n,&hellip;<\/p>\n","protected":false},"author":2,"featured_media":41531,"comment_status":"closed","ping_status":"open","sticky":false,"template":"","format":"standard","meta":{"_lmt_disableupdate":"","_lmt_disable":"","_jetpack_memberships_contains_paid_content":false,"footnotes":""},"categories":[109,46],"tags":[316],"class_list":["post-41530","post","type-post","status-publish","format-standard","has-post-thumbnail","hentry","category-minuto-a-minuto","category-zona-blanca","tag-alejandro-aviles-alvarez"],"jetpack_featured_media_url":"https:\/\/zonaroja.com.mx\/wp-content\/uploads\/2022\/05\/Alejandro-Aviles-conferencia-sector-cultural.jpg","jetpack_sharing_enabled":true,"_links":{"self":[{"href":"https:\/\/zonaroja.com.mx\/index.php?rest_route=\/wp\/v2\/posts\/41530","targetHints":{"allow":["GET"]}}],"collection":[{"href":"https:\/\/zonaroja.com.mx\/index.php?rest_route=\/wp\/v2\/posts"}],"about":[{"href":"https:\/\/zonaroja.com.mx\/index.php?rest_route=\/wp\/v2\/types\/post"}],"author":[{"embeddable":true,"href":"https:\/\/zonaroja.com.mx\/index.php?rest_route=\/wp\/v2\/users\/2"}],"replies":[{"embeddable":true,"href":"https:\/\/zonaroja.com.mx\/index.php?rest_route=%2Fwp%2Fv2%2Fcomments&post=41530"}],"version-history":[{"count":1,"href":"https:\/\/zonaroja.com.mx\/index.php?rest_route=\/wp\/v2\/posts\/41530\/revisions"}],"predecessor-version":[{"id":41532,"href":"https:\/\/zonaroja.com.mx\/index.php?rest_route=\/wp\/v2\/posts\/41530\/revisions\/41532"}],"wp:featuredmedia":[{"embeddable":true,"href":"https:\/\/zonaroja.com.mx\/index.php?rest_route=\/wp\/v2\/media\/41531"}],"wp:attachment":[{"href":"https:\/\/zonaroja.com.mx\/index.php?rest_route=%2Fwp%2Fv2%2Fmedia&parent=41530"}],"wp:term":[{"taxonomy":"category","embeddable":true,"href":"https:\/\/zonaroja.com.mx\/index.php?rest_route=%2Fwp%2Fv2%2Fcategories&post=41530"},{"taxonomy":"post_tag","embeddable":true,"href":"https:\/\/zonaroja.com.mx\/index.php?rest_route=%2Fwp%2Fv2%2Ftags&post=41530"}],"curies":[{"name":"wp","href":"https:\/\/api.w.org\/{rel}","templated":true}]}}