{"id":41535,"date":"2022-05-23T21:23:26","date_gmt":"2022-05-24T02:23:26","guid":{"rendered":"http:\/\/www.zonaroja.com.mx\/?p=41535"},"modified":"2022-05-23T21:23:30","modified_gmt":"2022-05-24T02:23:30","slug":"demandan-a-la-sexta-sala-penal-del-poder-judicial-a-cumplir-con-resolucion-federal","status":"publish","type":"post","link":"https:\/\/zonaroja.com.mx\/?p=41535","title":{"rendered":"Demandan a la Sexta Sala Penal del Poder Judicial a cumplir con resoluci\u00f3n federal"},"content":{"rendered":"\n<p>Redacci\u00f3n\/Zona Roja.<\/p>\n\n\n\n<p>Oaxaca de Ju\u00e1rez, Oax., 23 de mayo de 2022.- Un grupo de ciudadanos y familiares del afectado protest\u00f3 hoy en oficinas gubernamentales en Ciudad Judicial, San Bartolo Coyotepec, para exigir que el Poder Judicial del Estado cumpla con un mandato federal.<\/p>\n\n\n\n<p>De no darle cumplimiento a una nueva orden emitida por la autoridad judicial, la Sexta Sala Penal en Oaxaca estar\u00eda violando el principio de presunci\u00f3n de inocencia en agravio de Juan Antonio Vera Carrizal, acusado de la agresi\u00f3n a la saxofonista M. E. R., denunciaron.<\/p>\n\n\n\n<p>Por ello, apoyados por grupos civiles, unas 300 personas \u201ctomaron\u201d este lunes las instalaciones del complejo gubernamental, a fin de hacer un llamado a la Sexta Sala Penal para que se de cumplimiento a la resoluci\u00f3n de amparo, pero sobre todo que se d\u00e9 dentro de los t\u00e9rminos establecidos.<\/p>\n\n\n\n<p>VULNERAN GARANT\u00cdAS<\/p>\n\n\n\n<p>Seg\u00fan detallaron, en la nueva sentencia de amparo emitida por un Juez de distrito, ordena a la Sexta Sala Penal que el juez de control deje de considerar o deje de tomar en cuenta ciertos datos de prueba que fueron obtenidos de manera ilegal para dictar un auto de vinculaci\u00f3n a proceso.<\/p>\n\n\n\n<p>\u00abEs decir la resoluci\u00f3n de amparo le ordena a la Sala que excluya estos datos de prueba que fueron obtenidos de manera ilegal y que se dicte una nueva resoluci\u00f3n, sin embargo hasta este momento la Sexta Sala Penal ha sido omisa en cumplimiento a esta resoluci\u00f3n, lo cual genera agravios en la persona de Don Antonio, quien se encuentra privado de su libertad.<\/p>\n\n\n\n<p>\u00abSi la Sala Penal resuelve conforme a derecho y deje sin efecto esos datos de prueba, lo mas seguro es que Juan Antonio obtenga su libertad, y as\u00ed pueda precisamente gozar del principio de presunci\u00edn de inocencia que es el que siempre le ha asistido, pero sobre todo tener la posibilidad de ejercer una debida defensa y de afrontar el proceso en libertad\u00bb, explic\u00f3 la abogada.<\/p>\n\n\n\n<p>CONTINUAR\u00c1N MANIFESTACIONES<\/p>\n\n\n\n<p>A esta manifestaci\u00f3n de exigencia de imparcialidad en la justicia, se sumaron los l\u00edderes del Frente Nacional Ind\u00edgena y Campesino y de la \u201c28 de Octubre\u201d, Israel Mart\u00ednez y \u00c1ngel, respectivamente; mismos que con sus militantes bloquearon por mas de siete horas el acceso a Ciudad Judicial.<\/p>\n\n\n\n<p>De no impartirse la justicia con apego a la ley, las manifestaciones continuaran en los pr\u00f3ximos d\u00edas en la capital y en todo el estado, advirtieron.<\/p>\n\n\n\n<p>El dirigente de FNIC destac\u00f3 que desde ocasiones anteriores han insistido al Tribunal Superior de Justicia del Estado de Oaxaca, permitir el debido proceso para Juan Antonio Vera Carrizal.<\/p>\n\n\n\n<p>En d\u00edas anteriores, la abogada y familiares del imputado dieron a conocer que tambi\u00e9n se debe reclasificar el delito como lesiones calificadas y no como tentativa de feminicidio, toda vez que supuestamente la v\u00edctima, obtuvo pruebas de forma ilegal.&nbsp;<\/p>\n\n\n\n<p>\u201cLa justicia no puede estar sujeta a presiones pol\u00edticas y a los intereses de unos cuantos. El se\u00f1or Juan Antonio se le debe tratar como inocente porque no ha sido acusado formalmente\u201d, expresaron.<\/p>\n","protected":false},"excerpt":{"rendered":"<p>Redacci\u00f3n\/Zona Roja. Oaxaca de Ju\u00e1rez, Oax., 23 de mayo de 2022.- Un grupo de ciudadanos&hellip;<\/p>\n","protected":false},"author":2,"featured_media":41536,"comment_status":"closed","ping_status":"open","sticky":false,"template":"","format":"standard","meta":{"_lmt_disableupdate":"","_lmt_disable":"","_jetpack_memberships_contains_paid_content":false,"footnotes":""},"categories":[109,46],"tags":[1144],"class_list":["post-41535","post","type-post","status-publish","format-standard","has-post-thumbnail","hentry","category-minuto-a-minuto","category-zona-blanca","tag-juan-antonio-vera-carrizal"],"jetpack_featured_media_url":"https:\/\/zonaroja.com.mx\/wp-content\/uploads\/2022\/05\/Conferencia-caso-Vera-Carrizal-Ciudad-Judicial.jpg","jetpack_sharing_enabled":true,"_links":{"self":[{"href":"https:\/\/zonaroja.com.mx\/index.php?rest_route=\/wp\/v2\/posts\/41535","targetHints":{"allow":["GET"]}}],"collection":[{"href":"https:\/\/zonaroja.com.mx\/index.php?rest_route=\/wp\/v2\/posts"}],"about":[{"href":"https:\/\/zonaroja.com.mx\/index.php?rest_route=\/wp\/v2\/types\/post"}],"author":[{"embeddable":true,"href":"https:\/\/zonaroja.com.mx\/index.php?rest_route=\/wp\/v2\/users\/2"}],"replies":[{"embeddable":true,"href":"https:\/\/zonaroja.com.mx\/index.php?rest_route=%2Fwp%2Fv2%2Fcomments&post=41535"}],"version-history":[{"count":1,"href":"https:\/\/zonaroja.com.mx\/index.php?rest_route=\/wp\/v2\/posts\/41535\/revisions"}],"predecessor-version":[{"id":41537,"href":"https:\/\/zonaroja.com.mx\/index.php?rest_route=\/wp\/v2\/posts\/41535\/revisions\/41537"}],"wp:featuredmedia":[{"embeddable":true,"href":"https:\/\/zonaroja.com.mx\/index.php?rest_route=\/wp\/v2\/media\/41536"}],"wp:attachment":[{"href":"https:\/\/zonaroja.com.mx\/index.php?rest_route=%2Fwp%2Fv2%2Fmedia&parent=41535"}],"wp:term":[{"taxonomy":"category","embeddable":true,"href":"https:\/\/zonaroja.com.mx\/index.php?rest_route=%2Fwp%2Fv2%2Fcategories&post=41535"},{"taxonomy":"post_tag","embeddable":true,"href":"https:\/\/zonaroja.com.mx\/index.php?rest_route=%2Fwp%2Fv2%2Ftags&post=41535"}],"curies":[{"name":"wp","href":"https:\/\/api.w.org\/{rel}","templated":true}]}}