{"id":41541,"date":"2022-05-23T22:26:03","date_gmt":"2022-05-24T03:26:03","guid":{"rendered":"http:\/\/www.zonaroja.com.mx\/?p=41541"},"modified":"2022-05-24T20:00:06","modified_gmt":"2022-05-25T01:00:06","slug":"asesinan-a-individuo-en-pinotepa-y-mult-se-atribuye-defensa-de-mas-casos","status":"publish","type":"post","link":"https:\/\/zonaroja.com.mx\/?p=41541","title":{"rendered":"Asesinan a individuo en Pinotepa y MULT se atribuye defensa de m\u00e1s casos"},"content":{"rendered":"\n<p>Ismael Garc\u00eda M.\/Zona Roja. Foto: CMM Noticias<\/p>\n\n\n\n<p>Oaxaca de Ju\u00e1rez, Oax., 23 de mayo de 2022.- Sujetos armados asesinaron a balazos este lunes un dirigente social en Santiago Pinotepa Nacional, municipio de la regi\u00f3n Costa de Oaxaca.<\/p>\n\n\n\n<p>La v\u00edctima fue identificada como Humberto Valdovino Fuentes; era militante de la Uni\u00f3n C\u00edvica Democr\u00e1tica de Barrios, Colonias y Comunidades y los hechos ocurrieron alrededor de las 11:30 horas en la calle 12 Sur y 5 Oriente, del barrio Zapote.<\/p>\n\n\n\n<p>Este crimen, como el ocurrido el pasado s\u00e1bado en Putla Villa de Guerrero, fueron retomados por el Movimiento de Unificaci\u00f3n y Lucha Triqui (MULT), a fin de demandar justicia y exigir esclarecimiento del caso.<\/p>\n\n\n\n<p>El anterior caso ocurri\u00f3 en inmediaciones de la comunidad de San Marcos Coyulito, en que fue ultimado a balazos Emanuel Camacho Mor\u00e1n, asesor municipal de Mesones Hidalgo y ex s\u00edndico de Constancia del Rosario, as\u00ed como militante del MULT.<\/p>\n\n\n\n<p>Asimismo, el pasado 12 de mayo fue ejecutado Luciano P\u00e9rez Mart\u00ednez, en el municipio De Santiago Juxtlahuaca, por lo cual el MULT decidi\u00f3 suspender de manera unilateral las mesas de di\u00e1logo para el retorno de los desplazados a Tierra Blanca Copala.<\/p>\n\n\n\n<p>OTRA V\u00cdCTIMA<\/p>\n\n\n\n<p>Por otra parte, este lunes fue hallado el cad\u00e1ver en estado de putrefacci\u00f3n de una persona, al parecer del sexo masculino, en Chahuites, municipio de la zona oriente del Istmo de Tehuantepec.<\/p>\n\n\n\n<p>El cuerpo presentaba huellas de violencia; vest\u00eda un short de mezclilla color azul, una playera en tonos verde y rosa, y estaba descalzo; a\u00fan no ha sido identificado.<\/p>\n","protected":false},"excerpt":{"rendered":"<p>Ismael Garc\u00eda M.\/Zona Roja. Foto: CMM Noticias Oaxaca de Ju\u00e1rez, Oax., 23 de mayo de&hellip;<\/p>\n","protected":false},"author":2,"featured_media":41542,"comment_status":"closed","ping_status":"open","sticky":false,"template":"","format":"standard","meta":{"_lmt_disableupdate":"","_lmt_disable":"","_jetpack_memberships_contains_paid_content":false,"footnotes":""},"categories":[109,51],"tags":[651],"class_list":["post-41541","post","type-post","status-publish","format-standard","has-post-thumbnail","hentry","category-minuto-a-minuto","category-zona-roja","tag-santiago-pinotepa-nacional"],"jetpack_featured_media_url":"https:\/\/zonaroja.com.mx\/wp-content\/uploads\/2022\/05\/Asesinado-Pinotepa-Nacional.jpeg","jetpack_sharing_enabled":true,"_links":{"self":[{"href":"https:\/\/zonaroja.com.mx\/index.php?rest_route=\/wp\/v2\/posts\/41541","targetHints":{"allow":["GET"]}}],"collection":[{"href":"https:\/\/zonaroja.com.mx\/index.php?rest_route=\/wp\/v2\/posts"}],"about":[{"href":"https:\/\/zonaroja.com.mx\/index.php?rest_route=\/wp\/v2\/types\/post"}],"author":[{"embeddable":true,"href":"https:\/\/zonaroja.com.mx\/index.php?rest_route=\/wp\/v2\/users\/2"}],"replies":[{"embeddable":true,"href":"https:\/\/zonaroja.com.mx\/index.php?rest_route=%2Fwp%2Fv2%2Fcomments&post=41541"}],"version-history":[{"count":2,"href":"https:\/\/zonaroja.com.mx\/index.php?rest_route=\/wp\/v2\/posts\/41541\/revisions"}],"predecessor-version":[{"id":41571,"href":"https:\/\/zonaroja.com.mx\/index.php?rest_route=\/wp\/v2\/posts\/41541\/revisions\/41571"}],"wp:featuredmedia":[{"embeddable":true,"href":"https:\/\/zonaroja.com.mx\/index.php?rest_route=\/wp\/v2\/media\/41542"}],"wp:attachment":[{"href":"https:\/\/zonaroja.com.mx\/index.php?rest_route=%2Fwp%2Fv2%2Fmedia&parent=41541"}],"wp:term":[{"taxonomy":"category","embeddable":true,"href":"https:\/\/zonaroja.com.mx\/index.php?rest_route=%2Fwp%2Fv2%2Fcategories&post=41541"},{"taxonomy":"post_tag","embeddable":true,"href":"https:\/\/zonaroja.com.mx\/index.php?rest_route=%2Fwp%2Fv2%2Ftags&post=41541"}],"curies":[{"name":"wp","href":"https:\/\/api.w.org\/{rel}","templated":true}]}}