{"id":41544,"date":"2022-05-23T22:31:10","date_gmt":"2022-05-24T03:31:10","guid":{"rendered":"http:\/\/www.zonaroja.com.mx\/?p=41544"},"modified":"2022-05-23T22:31:11","modified_gmt":"2022-05-24T03:31:11","slug":"afirma-jara-que-oaxaquenos-votaran-por-gobierno-del-cambio-verdadero","status":"publish","type":"post","link":"https:\/\/zonaroja.com.mx\/?p=41544","title":{"rendered":"Afirma Jara que oaxaque\u00f1os votar\u00e1n por gobierno del cambio verdadero"},"content":{"rendered":"\n<p>Redacci\u00f3n\/Zona Roja.<\/p>\n\n\n\n<p>Oaxaca de Ju\u00e1rez, Oax., 23 de mayo de 2022.- Salom\u00f3n Jara Cruz, candidato de los partidos Morena, Verde Ecologista, PUP y PT por el gobierno de Oaxaca, asegur\u00f3 que las y los oaxaque\u00f1os ya se decidieron por un gobierno del cambio verdadero, honesto y trabajador, dedicado 16 horas diarias a resolver los problemas de cada regi\u00f3n y a dar respuesta a las necesidades de cada comunidad.<\/p>\n\n\n\n<p>\u201cEstoy comprometido a concretar la transformaci\u00f3n de Oaxaca, porque soy ind\u00edgena y conozco de primera mano la marginaci\u00f3n y la pobreza de nuestros pueblos y comunidades originarias y afromexicanas; y porque la confianza que cada hombre y mujer est\u00e1 depositando en m\u00ed, representa la mayor responsabilidad que un servidor del pueblo puede asumir en su vida\u201d, afirm\u00f3.<\/p>\n\n\n\n<p>Durante la gira de la esperanza en los municipios de Miahuatl\u00e1n de Porfirio Diaz Ejutla y Ocotl\u00e1n de Morelos, Jara Cruz asegur\u00f3 que su gobierno transparentar\u00e1 sus acciones y rendir\u00e1 un informe cada tres meses sobre el uso y destino de los recursos p\u00fablicos.<\/p>\n\n\n\n<p>\u201cComo parte de la rendici\u00f3n de cuentas, al tercer a\u00f1o de gobierno me someter\u00e9 a la evaluaci\u00f3n y juicio del pueblo, mediante el proceso de revocaci\u00f3n de mandato y, si no he cumplido con mis compromisos, el pueblo me retirar\u00e1 su confianza y el mandato como gobernador\u201d, se\u00f1al\u00f3.<\/p>\n\n\n\n<p>Indic\u00f3 que el gobierno de la Cuarta Transformaci\u00f3n en Oaxaca replicar\u00e1 los valores, formas y principios de los pueblos originarios, para garantizar que la administraci\u00f3n p\u00fablica est\u00e9 a la altura del pueblo oaxaque\u00f1o.<\/p>\n\n\n\n<figure class=\"wp-block-embed is-type-rich is-provider-twitter wp-block-embed-twitter\"><div class=\"wp-block-embed__wrapper\">\n<div class=\"twitter-tweet\"><blockquote class=\"twitter-tweet\" data-lang=\"es\"><p lang=\"es\" dir=\"ltr\"><a href=\"https:\/\/twitter.com\/hashtag\/EleccionesOaxaca?src=hash&amp;ref_src=twsrc%5Etfw\">#EleccionesOaxaca<\/a><br>Este lunes, el candidato a gobernador de Oaxaca, <a href=\"https:\/\/twitter.com\/salomonj?ref_src=twsrc%5Etfw\">@salomonj<\/a>, visit\u00f3 Miahuatl\u00e1n, Ejutla y Ocotl\u00e1n. <br>\u201cCuanta alegr\u00eda en esta fiesta popular y democr\u00e1tica, cuantas miradas llenas de ilusi\u00f3n porque pronto florecer\u00e1 la <a href=\"https:\/\/twitter.com\/hashtag\/PrimaveraOaxaque%C3%B1a?src=hash&amp;ref_src=twsrc%5Etfw\">#PrimaveraOaxaque\u00f1a<\/a>\u201d, afirm\u00f3 ante cientos. <a href=\"https:\/\/t.co\/0c97suFQkQ\">pic.twitter.com\/0c97suFQkQ<\/a><\/p>&mdash; Zona Roja Oaxaca (@ZonaRoja_Oaxaca) <a href=\"https:\/\/twitter.com\/ZonaRoja_Oaxaca\/status\/1528891142258839554?ref_src=twsrc%5Etfw\">24 de mayo de 2022<\/a><\/blockquote><\/div>\n<\/div><\/figure>\n\n\n\n<p>\u201cTambi\u00e9n, aplicaremos las premisas de austeridad y esfuerzo, y eliminaremos los lujos y privilegios a los que se hab\u00edan acostumbrado los de la clase pol\u00edtica\u201d, a\u00f1adi\u00f3.<\/p>\n\n\n\n<p>\u201cEstoy seguro que, el pr\u00f3ximo 5 de junio, las y los oaxaque\u00f1os saldr\u00e1n muy temprano a depositar su voto, porque ya veo en sus ojos la alegr\u00eda de quitarle el poder a quienes solo llenaron sus bolsillos y traicionaron al pueblo; a la primavera oaxaque\u00f1a ya nadie la detiene\u00bb, concluy\u00f3 Salom\u00f3n Jara.<\/p>\n\n\n\n<p>VISITA ZIMATL\u00c1N<\/p>\n\n\n\n<p>En Zimatl\u00e1n de \u00c1lvarez, asegur\u00f3 que con la llegada de la Cuarta Transformaci\u00f3n se terminar\u00e1n esos funcionarios que s\u00f3lo cobran salarios sin trabajar por el bienestar del Estado, por que no son originarios de Oaxaca y no les interesa su desarrollo.&nbsp;<\/p>\n\n\n\n<p>Salom\u00f3n Jara afirm\u00f3 que \u201cla estructura de la pr\u00f3xima administraci\u00f3n p\u00fablica estatal estar\u00e1 conformada por hombres y mujeres, en un 50 por ciento para garantizar la paridad de g\u00e9nero, porque hay hombres y mujeres valiosas y trabajadoras\u201d.&nbsp;<\/p>\n\n\n\n<p>Abund\u00f3 que todas y todos ser\u00e1n oaxaque\u00f1os, de las diversas regiones de la entidad, porque se necesita conocer y sentir lo que viven los pueblos para poder saber qu\u00e9 y c\u00f3mo actuar para dar respuestas a las m\u00faltiples demandas ciudadanas.&nbsp;<\/p>\n\n\n\n<p>\u201cNo necesitamos importar ni traer de otros estados de la rep\u00fablica a servidores y funcionarios, como ocurre en el actual gobierno en el cual m\u00e1s del 50 por ciento son de fuera, llegan a trabajar los martes y se van de la entidad los d\u00edas jueves\u201d, critic\u00f3.&nbsp;<\/p>\n\n\n\n<p>Por ello propuso que, en Oaxaca, una vez que se instale el gobierno de la esperanza, los funcionarios servir\u00e1n de tiempo completo a la ciudadan\u00eda y atender\u00e1n las necesidades m\u00e1s apremiantes.<\/p>\n","protected":false},"excerpt":{"rendered":"<p>Redacci\u00f3n\/Zona Roja. Oaxaca de Ju\u00e1rez, Oax., 23 de mayo de 2022.- Salom\u00f3n Jara Cruz, candidato&hellip;<\/p>\n","protected":false},"author":2,"featured_media":41545,"comment_status":"closed","ping_status":"open","sticky":false,"template":"","format":"standard","meta":{"_lmt_disableupdate":"","_lmt_disable":"","_jetpack_memberships_contains_paid_content":false,"footnotes":""},"categories":[109,46],"tags":[939],"class_list":["post-41544","post","type-post","status-publish","format-standard","has-post-thumbnail","hentry","category-minuto-a-minuto","category-zona-blanca","tag-salomon-jara-cruz"],"jetpack_featured_media_url":"https:\/\/zonaroja.com.mx\/wp-content\/uploads\/2022\/05\/Salomon-Jara-Valles-.jpg","jetpack_sharing_enabled":true,"_links":{"self":[{"href":"https:\/\/zonaroja.com.mx\/index.php?rest_route=\/wp\/v2\/posts\/41544","targetHints":{"allow":["GET"]}}],"collection":[{"href":"https:\/\/zonaroja.com.mx\/index.php?rest_route=\/wp\/v2\/posts"}],"about":[{"href":"https:\/\/zonaroja.com.mx\/index.php?rest_route=\/wp\/v2\/types\/post"}],"author":[{"embeddable":true,"href":"https:\/\/zonaroja.com.mx\/index.php?rest_route=\/wp\/v2\/users\/2"}],"replies":[{"embeddable":true,"href":"https:\/\/zonaroja.com.mx\/index.php?rest_route=%2Fwp%2Fv2%2Fcomments&post=41544"}],"version-history":[{"count":1,"href":"https:\/\/zonaroja.com.mx\/index.php?rest_route=\/wp\/v2\/posts\/41544\/revisions"}],"predecessor-version":[{"id":41546,"href":"https:\/\/zonaroja.com.mx\/index.php?rest_route=\/wp\/v2\/posts\/41544\/revisions\/41546"}],"wp:featuredmedia":[{"embeddable":true,"href":"https:\/\/zonaroja.com.mx\/index.php?rest_route=\/wp\/v2\/media\/41545"}],"wp:attachment":[{"href":"https:\/\/zonaroja.com.mx\/index.php?rest_route=%2Fwp%2Fv2%2Fmedia&parent=41544"}],"wp:term":[{"taxonomy":"category","embeddable":true,"href":"https:\/\/zonaroja.com.mx\/index.php?rest_route=%2Fwp%2Fv2%2Fcategories&post=41544"},{"taxonomy":"post_tag","embeddable":true,"href":"https:\/\/zonaroja.com.mx\/index.php?rest_route=%2Fwp%2Fv2%2Ftags&post=41544"}],"curies":[{"name":"wp","href":"https:\/\/api.w.org\/{rel}","templated":true}]}}