{"id":41549,"date":"2022-05-24T07:24:04","date_gmt":"2022-05-24T12:24:04","guid":{"rendered":"http:\/\/www.zonaroja.com.mx\/?p=41549"},"modified":"2022-05-24T07:24:05","modified_gmt":"2022-05-24T12:24:05","slug":"no-cesa-violencia-en-el-pais-multihomicidios-en-cdmx-y-guanajuato","status":"publish","type":"post","link":"https:\/\/zonaroja.com.mx\/?p=41549","title":{"rendered":"No cesa violencia en el pa\u00eds: multihomicidios en Cdmx y Guanajuato"},"content":{"rendered":"\n<p>Redacci\u00f3n\/Zona Roja Cdmx.<\/p>\n\n\n\n<p>Ciudad de M\u00e9xico, 24 de mayo de 2022.- La violencia no cesa en M\u00e9xico. En las \u00faltimas 24 horas se registraron al menos 14 asesinatos en dos multihomicidios, ocurridos en la Ciudad de M\u00e9xico y en el estado de Guanajuato.<\/p>\n\n\n\n<p>En la capital del pa\u00eds, tras ufanarse la jefa de Gobierno Claudia Sheinbaum de tener una mejor seguridad que en Nueva York, en un domicilio de la calle Durango de la colonia Roma, alcald\u00eda Cuauht\u00e9moc, se registr\u00f3 el asesinato de tres personas.<\/p>\n\n\n\n<p>Fue en un despacho jur\u00eddico en que fueron ultimados Patricia, la&nbsp; recepcionista y secretaria; Esteban y un abogado identificado como Rodolfo Castel\u00e1n. Hasta el momento las autoridades no cuentan con la identidad del sujeto que perpetr\u00f3 el triple homicidio.<\/p>\n\n\n\n<p>En la colonia Lindavista de Celaya, Guanajuato, integrantes de un grupo armado mataron a 11 personas e incendiaron un hotel y dos bares.<\/p>\n\n\n\n<p>seg\u00fan fuentes policiacas, siete de los fallecidos son mujeres y tres hombres; al lugar arribaron polic\u00edas municipales y estatales, as\u00ed como elementos del Ej\u00e9rcito Mexicano y de la Guardia Nacional; el gobierno estatal no hab\u00eda emitido informaci\u00f3n al respecto.<\/p>\n\n\n\n<p>En tanto, en el fraccionamiento La Campi\u00f1a de Culiac\u00e1n, Sinaloa, un grupo delictivo se enfrent\u00f3 con la Guardia Nacional, cerca de una instituci\u00f3n educativa, sin que se registraran muertos o heridos; tampoco detenciones.<\/p>\n","protected":false},"excerpt":{"rendered":"<p>Redacci\u00f3n\/Zona Roja Cdmx. Ciudad de M\u00e9xico, 24 de mayo de 2022.- La violencia no cesa&hellip;<\/p>\n","protected":false},"author":2,"featured_media":35761,"comment_status":"closed","ping_status":"open","sticky":false,"template":"","format":"standard","meta":{"_lmt_disableupdate":"","_lmt_disable":"","_jetpack_memberships_contains_paid_content":false,"footnotes":""},"categories":[109,51],"tags":[3023],"class_list":["post-41549","post","type-post","status-publish","format-standard","has-post-thumbnail","hentry","category-minuto-a-minuto","category-zona-roja","tag-violencia-mexico"],"jetpack_featured_media_url":"https:\/\/zonaroja.com.mx\/wp-content\/uploads\/2021\/12\/Inseguridad-violencia-incidencia-delictiva-2.jpg","jetpack_sharing_enabled":true,"_links":{"self":[{"href":"https:\/\/zonaroja.com.mx\/index.php?rest_route=\/wp\/v2\/posts\/41549","targetHints":{"allow":["GET"]}}],"collection":[{"href":"https:\/\/zonaroja.com.mx\/index.php?rest_route=\/wp\/v2\/posts"}],"about":[{"href":"https:\/\/zonaroja.com.mx\/index.php?rest_route=\/wp\/v2\/types\/post"}],"author":[{"embeddable":true,"href":"https:\/\/zonaroja.com.mx\/index.php?rest_route=\/wp\/v2\/users\/2"}],"replies":[{"embeddable":true,"href":"https:\/\/zonaroja.com.mx\/index.php?rest_route=%2Fwp%2Fv2%2Fcomments&post=41549"}],"version-history":[{"count":1,"href":"https:\/\/zonaroja.com.mx\/index.php?rest_route=\/wp\/v2\/posts\/41549\/revisions"}],"predecessor-version":[{"id":41550,"href":"https:\/\/zonaroja.com.mx\/index.php?rest_route=\/wp\/v2\/posts\/41549\/revisions\/41550"}],"wp:featuredmedia":[{"embeddable":true,"href":"https:\/\/zonaroja.com.mx\/index.php?rest_route=\/wp\/v2\/media\/35761"}],"wp:attachment":[{"href":"https:\/\/zonaroja.com.mx\/index.php?rest_route=%2Fwp%2Fv2%2Fmedia&parent=41549"}],"wp:term":[{"taxonomy":"category","embeddable":true,"href":"https:\/\/zonaroja.com.mx\/index.php?rest_route=%2Fwp%2Fv2%2Fcategories&post=41549"},{"taxonomy":"post_tag","embeddable":true,"href":"https:\/\/zonaroja.com.mx\/index.php?rest_route=%2Fwp%2Fv2%2Ftags&post=41549"}],"curies":[{"name":"wp","href":"https:\/\/api.w.org\/{rel}","templated":true}]}}