{"id":41551,"date":"2022-05-24T07:30:03","date_gmt":"2022-05-24T12:30:03","guid":{"rendered":"http:\/\/www.zonaroja.com.mx\/?p=41551"},"modified":"2022-05-24T07:30:05","modified_gmt":"2022-05-24T12:30:05","slug":"muere-otro-taxista-baleado-en-la-region-del-istmo","status":"publish","type":"post","link":"https:\/\/zonaroja.com.mx\/?p=41551","title":{"rendered":"Muere otro taxista baleado en la regi\u00f3n del Istmo"},"content":{"rendered":"\n<p>Redacci\u00f3n\/Zona Roja.<\/p>\n\n\n\n<p>Oaxaca de Ju\u00e1rez, Oax., 24 de mayo de 2022.- Otro taxista perdi\u00f3 la vida tras ser atacado a balazos y con arma blanca, en el municipio de Salina Cruz, regi\u00f3n Istmo de Oaxaca.<\/p>\n\n\n\n<p>Se trata de Jos\u00e9 D. G., quien la noche del pasado jueves fue agredido en el camino a la localidad de San Isidro Pishishi por sujetos hasta ahora desconocidos; param\u00e9dicos lo auxiliaron y reportaron que ten\u00eda al menos 12 heridas producidas por arma blanca y una por arma de fuego.<\/p>\n\n\n\n<p>Fue trasladado a un nosocomio de Salina Cruz, pero ayer, debido a la gravedad de las lesiones, perdi\u00f3 la vida.<\/p>\n\n\n\n<p>Conduc\u00eda un taxi con n\u00famero econ\u00f3mico 416 del sitio \u201cPorfirio D\u00edaz\u201d de Salina Cruz.&nbsp;<\/p>\n\n\n\n<p>Personal de la Vicefiscal\u00eda Regional del Istmo inici\u00f3 las indagatorias correspondientes y hasta el momento no hay pistas del o los probables agresores.<\/p>\n","protected":false},"excerpt":{"rendered":"<p>Redacci\u00f3n\/Zona Roja. Oaxaca de Ju\u00e1rez, Oax., 24 de mayo de 2022.- Otro taxista perdi\u00f3 la&hellip;<\/p>\n","protected":false},"author":2,"featured_media":38093,"comment_status":"closed","ping_status":"open","sticky":false,"template":"","format":"standard","meta":{"_lmt_disableupdate":"","_lmt_disable":"","_jetpack_memberships_contains_paid_content":false,"footnotes":""},"categories":[109,51],"tags":[168],"class_list":["post-41551","post","type-post","status-publish","format-standard","has-post-thumbnail","hentry","category-minuto-a-minuto","category-zona-roja","tag-salina-cruz"],"jetpack_featured_media_url":"https:\/\/zonaroja.com.mx\/wp-content\/uploads\/2022\/02\/Policia-escena-seguridad-violencia-crimen.jpg","jetpack_sharing_enabled":true,"_links":{"self":[{"href":"https:\/\/zonaroja.com.mx\/index.php?rest_route=\/wp\/v2\/posts\/41551","targetHints":{"allow":["GET"]}}],"collection":[{"href":"https:\/\/zonaroja.com.mx\/index.php?rest_route=\/wp\/v2\/posts"}],"about":[{"href":"https:\/\/zonaroja.com.mx\/index.php?rest_route=\/wp\/v2\/types\/post"}],"author":[{"embeddable":true,"href":"https:\/\/zonaroja.com.mx\/index.php?rest_route=\/wp\/v2\/users\/2"}],"replies":[{"embeddable":true,"href":"https:\/\/zonaroja.com.mx\/index.php?rest_route=%2Fwp%2Fv2%2Fcomments&post=41551"}],"version-history":[{"count":1,"href":"https:\/\/zonaroja.com.mx\/index.php?rest_route=\/wp\/v2\/posts\/41551\/revisions"}],"predecessor-version":[{"id":41552,"href":"https:\/\/zonaroja.com.mx\/index.php?rest_route=\/wp\/v2\/posts\/41551\/revisions\/41552"}],"wp:featuredmedia":[{"embeddable":true,"href":"https:\/\/zonaroja.com.mx\/index.php?rest_route=\/wp\/v2\/media\/38093"}],"wp:attachment":[{"href":"https:\/\/zonaroja.com.mx\/index.php?rest_route=%2Fwp%2Fv2%2Fmedia&parent=41551"}],"wp:term":[{"taxonomy":"category","embeddable":true,"href":"https:\/\/zonaroja.com.mx\/index.php?rest_route=%2Fwp%2Fv2%2Fcategories&post=41551"},{"taxonomy":"post_tag","embeddable":true,"href":"https:\/\/zonaroja.com.mx\/index.php?rest_route=%2Fwp%2Fv2%2Ftags&post=41551"}],"curies":[{"name":"wp","href":"https:\/\/api.w.org\/{rel}","templated":true}]}}