{"id":41555,"date":"2022-05-24T10:43:00","date_gmt":"2022-05-24T15:43:00","guid":{"rendered":"http:\/\/www.zonaroja.com.mx\/?p=41555"},"modified":"2022-05-24T20:00:42","modified_gmt":"2022-05-25T01:00:42","slug":"opinion-rebelion-en-los-arquitos","status":"publish","type":"post","link":"https:\/\/zonaroja.com.mx\/?p=41555","title":{"rendered":"Opini\u00f3n. Rebeli\u00f3n en los arquitos"},"content":{"rendered":"\n<p>N\u00e9stor Y. S\u00e1nchez Islas<\/p>\n\n\n\n<p>\u201cSe oponen a la modernidad\u201d es una de las frases usuales para calificarlos y descalificar a los vecinos del barrio. \u201cSon conflictivos\u201d es otra frase que les recetan desde las oficinas municipales. Pero los vecinos de Xochimilco tienen raz\u00f3n.<\/p>\n\n\n\n<p>El barrio de Xochimilco es uno, pero el trazo de la carretera Panamericana los dividi\u00f3 artificialmente en dos. Los conocemos ahora como \u201cLa Cascada\u201d y \u201clos Arquitos\u201d.<\/p>\n\n\n\n<p>La zona de los Arquitos, hoy una zona bonita y atractiva no siempre lo fue. Su estado actual se debe al celo de sus habitantes por conservar su patrimonio y cultura.<\/p>\n\n\n\n<p>Hace mucho era una zona absolutamente marginal, un barrio de artesanos de los telares, la hoja de lata y la grana cochinilla. El acueducto lleg\u00f3 a estar en condiciones miserables de abandono al grado que, en nombre de la modernidad, se cort\u00f3 de tajo un largo tramo para abrir paso a la amplia carretera. Si hoy se intentara semejante atentado cultural la oposici\u00f3n ser\u00eda absoluta y se tendr\u00edan que buscar soluciones de ingenier\u00eda para conservar el monumento.<\/p>\n\n\n\n<p>Los arquitos, el d\u00eda de hoy, son nuestro mal ejemplo de la gentrificaci\u00f3n provocada por la corrupci\u00f3n de los pol\u00edticos. Gentrificar significa el desplazamiento de los habitantes originales y de bajo poder adquisitivo por nuevos vecinos de altos ingresos que convierten una zona popular en un sitio exclusivo y caro, prohibitivo para quienes ya no pueden pagar el alto costo de seguir ah\u00ed. Hasta las memelas se encarecen.<\/p>\n\n\n\n<p>El m\u00e1s reciente acto de protesta se dio hace pocos d\u00edas. Muchos vecinos colocaron en sus fachadas cartulinas y lonas solicitando la intervenci\u00f3n de diversas instituciones y autoridades para algo que ni deber\u00eda ser motivo de protesta: que el ayuntamiento aplique sus propios reglamentos y proteja el uso de suelo de las cantinas, bares, antros, terrazas y salones de fiesta que ahora abundan por ah\u00ed. La falta de aplicaci\u00f3n y la negativa para actualizarlos tienen una raz\u00f3n muy poderosa: los propietarios de algunos de esas fuentes de molestia son personas conocidas y con influencias en las esferas del poder. No debemos perder de vista que para la clase pol\u00edtica primero es el negocio; despu\u00e9s el respeto a leyes y reglamentos.<\/p>\n\n\n\n<p>La divisi\u00f3n del barrio desde 1940 provoc\u00f3 que se conformaron dos comit\u00e9s de vecinos. La Cascada tiene el suyo y los Arquitos el propio. As\u00ed ha sido durante mucho tiempo y, a conveniencia de la actual administraci\u00f3n, ahora quieren unirlos y dar preferencia al comit\u00e9 de la Cascada por encima del otro, a lo que \u00e9stos se oponen.<\/p>\n\n\n\n<p>Se oponen por varias razones, pero la principal es que a la Cascada no le afecta la situaci\u00f3n actual que padecen. Y tienen raz\u00f3n, adem\u00e1s de la gran cantidad de a\u00f1os que avalan su trabajo.<\/p>\n\n\n\n<p>La zona es netamente un lugar para paseo tur\u00edstico, a los que les dan la m\u00e1s cordial bienvenida en el entendido que la derrama econ\u00f3mica beneficia a todos. Pero tambi\u00e9n es una zona de salones de fiesta, bares y terrazas que les impiden dormir y vivir tranquilos, a lo que tienen derecho sus habitantes.<\/p>\n\n\n\n<p>Las pol\u00edticas en materia tur\u00edstica promueven la masificaci\u00f3n, una de ellas le llaman el \u201cturismo de reuniones\u201d, que consiste en promover nuestra cultura y patrimonio cultural como una mercanc\u00eda en venta para bodas y convenciones. Si por un lado este negocio provoca derrama econ\u00f3mica tambi\u00e9n provoca problemas. Para empezar los beneficios quedan en las manos de las muy pocas empresas que tienen capacidad de organizarlos y los problemas los pagan los habitantes del lugar que deben soportar sus continuas calendas, cohetes y molestias; y el erario que debe usarse para mantener los sitios p\u00fablicos en buenas condiciones para seguir vendi\u00e9ndolos.<\/p>\n\n\n\n<p>Alrededor de la plaza de la Cruz de Piedra hay cinco salones de fiesta y, con el \u201ccentro gastron\u00f3mico\u201d en operaciones ser\u00e1 otro m\u00e1s. Todos provocan gran cantidad de ruido hasta la madrugada, provocan la saturaci\u00f3n de las calles por la cantidad de veh\u00edculos estacionados, generan basura, orines y vomitadas en sus puertas y, por supuesto, se vuelve atractivo para la venta de drogas y los ladrones de autopartes.<\/p>\n\n\n\n<p>Las protestas han ido escalando. La plaza de la Cruz de Piedra ya ha sido escenario de actos que casi terminan en violencia al oponerse, los vecinos, a eventos masivos y ruidosos con los que no est\u00e1n de acuerdo y, por supuesto, se han enfrentado a los pol\u00edticos que han querido meter ambulantes a su plazuela. S\u00ed no lo han notado, es uno de los pocos lugares p\u00fablicos limpios y en buenas condiciones.<\/p>\n\n\n\n<p>La rebeli\u00f3n de los Arquitos es una realidad, est\u00e1 en marcha debido a los o\u00eddos sordos de las autoridades competentes que, a conveniencia, no quieren reconocer al comit\u00e9 de vecinos que los mismos habitantes s\u00ed respaldan.<\/p>\n\n\n\n<p>El municipio debe prestar atenci\u00f3n a los problemas locales y dejar de lado la agenda que ahora trae de car\u00e1cter estatal con miras al futuro pol\u00edtico del contador Neri. Atienda y escuche a los vecinos, ser\u00e1 su mejor actuaci\u00f3n.<\/p>\n\n\n\n<p>Twitter @nestoryuri<\/p>\n","protected":false},"excerpt":{"rendered":"<p>N\u00e9stor Y. S\u00e1nchez Islas \u201cSe oponen a la modernidad\u201d es una de las frases usuales&hellip;<\/p>\n","protected":false},"author":2,"featured_media":37697,"comment_status":"closed","ping_status":"open","sticky":false,"template":"","format":"standard","meta":{"_lmt_disableupdate":"","_lmt_disable":"","_jetpack_memberships_contains_paid_content":false,"footnotes":""},"categories":[456,109],"tags":[3050],"class_list":["post-41555","post","type-post","status-publish","format-standard","has-post-thumbnail","hentry","category-columna","category-minuto-a-minuto","tag-nestor-yuri-sanchez"],"jetpack_featured_media_url":"https:\/\/zonaroja.com.mx\/wp-content\/uploads\/2022\/02\/Protesta-vecinos-Xochimilco-Oaxaca.jpg","jetpack_sharing_enabled":true,"_links":{"self":[{"href":"https:\/\/zonaroja.com.mx\/index.php?rest_route=\/wp\/v2\/posts\/41555","targetHints":{"allow":["GET"]}}],"collection":[{"href":"https:\/\/zonaroja.com.mx\/index.php?rest_route=\/wp\/v2\/posts"}],"about":[{"href":"https:\/\/zonaroja.com.mx\/index.php?rest_route=\/wp\/v2\/types\/post"}],"author":[{"embeddable":true,"href":"https:\/\/zonaroja.com.mx\/index.php?rest_route=\/wp\/v2\/users\/2"}],"replies":[{"embeddable":true,"href":"https:\/\/zonaroja.com.mx\/index.php?rest_route=%2Fwp%2Fv2%2Fcomments&post=41555"}],"version-history":[{"count":1,"href":"https:\/\/zonaroja.com.mx\/index.php?rest_route=\/wp\/v2\/posts\/41555\/revisions"}],"predecessor-version":[{"id":41556,"href":"https:\/\/zonaroja.com.mx\/index.php?rest_route=\/wp\/v2\/posts\/41555\/revisions\/41556"}],"wp:featuredmedia":[{"embeddable":true,"href":"https:\/\/zonaroja.com.mx\/index.php?rest_route=\/wp\/v2\/media\/37697"}],"wp:attachment":[{"href":"https:\/\/zonaroja.com.mx\/index.php?rest_route=%2Fwp%2Fv2%2Fmedia&parent=41555"}],"wp:term":[{"taxonomy":"category","embeddable":true,"href":"https:\/\/zonaroja.com.mx\/index.php?rest_route=%2Fwp%2Fv2%2Fcategories&post=41555"},{"taxonomy":"post_tag","embeddable":true,"href":"https:\/\/zonaroja.com.mx\/index.php?rest_route=%2Fwp%2Fv2%2Ftags&post=41555"}],"curies":[{"name":"wp","href":"https:\/\/api.w.org\/{rel}","templated":true}]}}