{"id":41557,"date":"2022-05-24T10:00:00","date_gmt":"2022-05-24T15:00:00","guid":{"rendered":"http:\/\/www.zonaroja.com.mx\/?p=41557"},"modified":"2022-05-24T07:56:20","modified_gmt":"2022-05-24T12:56:20","slug":"estados-unidos-usara-el-istmo-de-oaxaca-para-frenar-migrantes","status":"publish","type":"post","link":"https:\/\/zonaroja.com.mx\/?p=41557","title":{"rendered":"Estados Unidos usar\u00e1 el Istmo de Oaxaca para frenar migrantes"},"content":{"rendered":"\n<p>Redacci\u00f3n\/Zona Roja Cdmx.<\/p>\n\n\n\n<p>Ciudad de M\u00e9xico, 24 de mayo de 2022.- El gobierno de los Estados Unidos de Norteam\u00e9rica utilizar\u00e1 la regi\u00f3n del Istmo de Tehuantepec, Oaxaca, como muro policiaco para detener el desplazamiento de migrantes centroamericanos.<\/p>\n\n\n\n<p>De acuerdo con informaci\u00f3n de \u201cMilenio Diario\u201d, el embajador de Estados Unidos en M\u00e9xico, Ken Salazar, anunci\u00f3 un plan para reforzar la seguridad en el Istmo para facilitar el monitoreo y el control migratorio, as\u00ed como el tr\u00e1fico de drogas, con lo que concentrar\u00e1n en 300 kil\u00f3metros los esfuerzos de vigilancia en una frontera que supera los 3 mil.&nbsp;<\/p>\n\n\n\n<p>La semana pasada, el diplom\u00e1tico norteamericano&nbsp;revel\u00f3 el plan del gobierno mexicano para blindar esta zona del sur, porque, afirm\u00f3,&nbsp;ah\u00ed est\u00e1 la llave para resolver los problemas comunes y frenar a los migrantes y el contrabando de estupefacientes que se dirigen a la frontera norte.&nbsp;<\/p>\n\n\n\n<p>\u201cEl gobierno de M\u00e9xico tiene un plan, una agenda muy buena para la seguridad por ah\u00ed, por el Istmo de Tehuantepec. All\u00ed, en el Istmo, por 300 kil\u00f3metros, 180 millas, es m\u00e1s f\u00e1cil ver lo que est\u00e1 pasando en la frontera de 180 millas y no de 2 mil millas en el desierto, entonces&nbsp;es parte de la soluci\u00f3n de migraci\u00f3n\u201d, dijo, de acuerdo con la informaci\u00f3n de \u201cMilenio Diario\u00bb.&nbsp;<\/p>\n\n\n\n<p>Tambi\u00e9n es parte de la soluci\u00f3n de la seguridad\u201d, asegur\u00f3. En la residencia oficial de Estados Unidos en el pa\u00eds, el diplom\u00e1tico detall\u00f3 que el planteamiento es que en esa peque\u00f1a regi\u00f3n se facilitar\u00e1 el monitoreo y el control.&nbsp;<\/p>\n\n\n\n<p>Consider\u00f3 de vital importancia poner la mira ah\u00ed, ya que, en su opini\u00f3n, en ese lugar se encuentra la clave para resolver los problemas compartidos entre ambos pa\u00edses ante la actual crisis migratoria y de contrabando de drogas.&nbsp;<\/p>\n\n\n\n<p>\u201cEn el sur, por el Istmo, es importante que pongamos la vista all\u00ed. Ah\u00ed est\u00e1n las llaves para resolver los problemas que tenemos ahora sobre el flujo de la migraci\u00f3n al norte\u201d, abund\u00f3 en embajador.&nbsp;<\/p>\n\n\n\n<p>Seg\u00fan la publicaci\u00f3n de \u201cMilenio Diario\u201d, Salazar subray\u00f3 que, desde que lleg\u00f3 a M\u00e9xico en septiembre pasado, su atenci\u00f3n se ha centrado en atender y fomentar las inversiones bilaterales en esa regi\u00f3n, las cuales, rememor\u00f3, llevan d\u00e9cadas estancadas. Confi\u00f3 en que con estas acciones se fortalecer\u00e1&nbsp;la integraci\u00f3n econ\u00f3mica de ambas naciones.&nbsp;<\/p>\n\n\n\n<p>\u201cMi foco ha sido en el Transoce\u00e1nico\u2026&nbsp;ese lugar se so\u00f1aba como muy estrat\u00e9gico desde los d\u00edas de (Benito) Ju\u00e1rez&nbsp;y (Abraham) Lincoln, y con las inversiones que se hicieron ah\u00ed, pues s\u00ed se hizo un ferrocarril, pero&nbsp;se abandon\u00f3\u201d, expuso.&nbsp;<\/p>\n","protected":false},"excerpt":{"rendered":"<p>Redacci\u00f3n\/Zona Roja Cdmx. Ciudad de M\u00e9xico, 24 de mayo de 2022.- El gobierno de los&hellip;<\/p>\n","protected":false},"author":2,"featured_media":6164,"comment_status":"closed","ping_status":"open","sticky":false,"template":"","format":"standard","meta":{"_lmt_disableupdate":"","_lmt_disable":"","_jetpack_memberships_contains_paid_content":false,"footnotes":""},"categories":[109,46],"tags":[2917],"class_list":["post-41557","post","type-post","status-publish","format-standard","has-post-thumbnail","hentry","category-minuto-a-minuto","category-zona-blanca","tag-corredor-interoceanico-oaxaca"],"jetpack_featured_media_url":"https:\/\/zonaroja.com.mx\/wp-content\/uploads\/2019\/11\/Corredor-Trans\u00edstimico.jpg","jetpack_sharing_enabled":true,"_links":{"self":[{"href":"https:\/\/zonaroja.com.mx\/index.php?rest_route=\/wp\/v2\/posts\/41557","targetHints":{"allow":["GET"]}}],"collection":[{"href":"https:\/\/zonaroja.com.mx\/index.php?rest_route=\/wp\/v2\/posts"}],"about":[{"href":"https:\/\/zonaroja.com.mx\/index.php?rest_route=\/wp\/v2\/types\/post"}],"author":[{"embeddable":true,"href":"https:\/\/zonaroja.com.mx\/index.php?rest_route=\/wp\/v2\/users\/2"}],"replies":[{"embeddable":true,"href":"https:\/\/zonaroja.com.mx\/index.php?rest_route=%2Fwp%2Fv2%2Fcomments&post=41557"}],"version-history":[{"count":1,"href":"https:\/\/zonaroja.com.mx\/index.php?rest_route=\/wp\/v2\/posts\/41557\/revisions"}],"predecessor-version":[{"id":41558,"href":"https:\/\/zonaroja.com.mx\/index.php?rest_route=\/wp\/v2\/posts\/41557\/revisions\/41558"}],"wp:featuredmedia":[{"embeddable":true,"href":"https:\/\/zonaroja.com.mx\/index.php?rest_route=\/wp\/v2\/media\/6164"}],"wp:attachment":[{"href":"https:\/\/zonaroja.com.mx\/index.php?rest_route=%2Fwp%2Fv2%2Fmedia&parent=41557"}],"wp:term":[{"taxonomy":"category","embeddable":true,"href":"https:\/\/zonaroja.com.mx\/index.php?rest_route=%2Fwp%2Fv2%2Fcategories&post=41557"},{"taxonomy":"post_tag","embeddable":true,"href":"https:\/\/zonaroja.com.mx\/index.php?rest_route=%2Fwp%2Fv2%2Ftags&post=41557"}],"curies":[{"name":"wp","href":"https:\/\/api.w.org\/{rel}","templated":true}]}}