{"id":41560,"date":"2022-05-24T13:18:56","date_gmt":"2022-05-24T18:18:56","guid":{"rendered":"https:\/\/www.zonaroja.com.mx\/?p=41560"},"modified":"2022-05-24T13:25:15","modified_gmt":"2022-05-24T18:25:15","slug":"con-armas-de-fuego-y-a-golpes-sujetos-agreden-en-campana-de-morena-en-miahuatlan","status":"publish","type":"post","link":"https:\/\/zonaroja.com.mx\/?p=41560","title":{"rendered":"Con armas de fuego y a golpes, sujetos agreden en campa\u00f1a de Morena en Miahuatl\u00e1n"},"content":{"rendered":"\n<p>Yuridiana Sosa\/Zona Roja.<\/p>\n\n\n\n<p>Oaxaca de Ju\u00e1rez, Oax., 24 de mayo de 2022.- La gira de la campa\u00f1a del candidato de \u201cJuntos hacemos historia\u201d, Salom\u00f3n Jara Cruz, por Miahutl\u00e1n de Porfirio D\u00edaz, se vio empa\u00f1ada por hechos violentos por parte de simpatizantes de Morena adheridos a la organizaci\u00f3n \u201c23 de Octubre\u201d. <\/p>\n\n\n\n<p>Golpes y disparos de armas contra taxistas y elementos policiales, se registraron&nbsp;este lunes&nbsp;por parte de los seguidores del candidato, que a su vez formaban supuestamente parte del grupo de organizaci\u00f3n del evento masivo del candidato.<\/p>\n\n\n\n<p>Por medio de redes sociales se dio a conocer la trifulca en la que se distingue un grupo de hombres, con gorras guinda, que descienden de una camioneta blanca y se van a golpes contra un par de taxistas que intentaron huir corriendo, pero fueron alcanzados.&nbsp;<\/p>\n\n\n\n<p>Uno de los agresores porta un arma de fuego que sostiene con la mano derecha, misma con la cual amedrenta a un polic\u00eda que solo trataba de no permitir que m\u00e1s agresores se incorporen a la gresca.<\/p>\n\n\n\n<p>La detonaci\u00f3n de un arma de fuego en medio del zafarrancho, del que tambi\u00e9n eran espectadores un grupo de taxistas, fue la pauta para que los agresores al mismo tiempo se dispersaran y a toda velocidad huir a bordo de la misma camioneta de la que descendieron.&nbsp;<\/p>\n\n\n\n<p>Minutos despu\u00e9s de darse a conocer esta parte del hecho, el taxista agredido detall\u00f3 lo sucedido.&nbsp;<\/p>\n\n\n\n<p>Al llegar al lugar del evento en Miahuatl\u00e1n, con una pasajera a bordo, uno de los organizadores, perteneciente a la \u201c23 de Octubre\u201d, le impidi\u00f3 el paso y reclam\u00f3 su acceso a un espacio no permitido a pesar que ya hab\u00eda pasado un primer filtro.<\/p>\n\n\n\n<figure class=\"wp-block-embed\"><div class=\"wp-block-embed__wrapper\">\n<div class=\"twitter-tweet\"><blockquote class=\"twitter-tweet\" data-lang=\"es\"><p lang=\"es\" dir=\"ltr\"><a href=\"https:\/\/twitter.com\/hashtag\/%C3%9AltimoMinuto?src=hash&amp;ref_src=twsrc%5Etfw\">#\u00daltimoMinuto<\/a> <br>Presuntos seguidores de <a href=\"https:\/\/twitter.com\/hashtag\/Morena?src=hash&amp;ref_src=twsrc%5Etfw\">#Morena<\/a> en <a href=\"https:\/\/twitter.com\/hashtag\/Miahuatl%C3%A1n?src=hash&amp;ref_src=twsrc%5Etfw\">#Miahuatl\u00e1n<\/a> de Porfirio D\u00edaz, <a href=\"https:\/\/twitter.com\/hashtag\/Oaxaca?src=hash&amp;ref_src=twsrc%5Etfw\">#Oaxaca<\/a>, que esperaban al candidato <a href=\"https:\/\/twitter.com\/salomonj?ref_src=twsrc%5Etfw\">@salomonj<\/a>, agredieron a un taxista; en la trifulca se registraron disparos de arma de fuego. <a href=\"https:\/\/t.co\/kHrFWifCRR\">pic.twitter.com\/kHrFWifCRR<\/a><\/p>&mdash; Zona Roja Oaxaca (@ZonaRoja_Oaxaca) <a href=\"https:\/\/twitter.com\/ZonaRoja_Oaxaca\/status\/1528800749303517184?ref_src=twsrc%5Etfw\">23 de mayo de 2022<\/a><\/blockquote><\/div>\n<\/div><\/figure>\n\n\n\n<p>La supuesta imprudencia del taxista molest\u00f3 al organizador, quien comenz\u00f3 a insultarlo. En defensa, el taxista, desde el interior de su unidad, comenz\u00f3 a grabarlo, lo que enfureci\u00f3 a uno de los agresores, mientras otro m\u00e1s que se dirigi\u00f3 al costado a la ventanilla del piloto y aprovech\u00f3 que estaba distra\u00eddo para propinarle un golpe en la cara, narr\u00f3 la v\u00edctima.<\/p>\n\n\n\n<p>Al verse rebasado en n\u00famero, el taxista sali\u00f3 del lugar para pedir apoyo de sus compa\u00f1eros, pero fue ah\u00ed, cuando integrantes de dicha organizaci\u00f3n comenzaron a golpearlo por primera vez, a \u00e9l y su hermano que trat\u00f3 de defenderlo, por lo que corri\u00f3 hacia otro punto donde le dieron alcance, origin\u00e1ndose nuevamente otra agresi\u00f3n por parte de m\u00e1s integrantes de la \u201c23 de Octubre\u201d.&nbsp;<\/p>\n\n\n\n<p>Por estos actos, donde tambi\u00e9n grupos de taxistas acudir\u00edan, el candidato a gobernador no se ha pronunciado, as\u00ed como tampoco ninguno de los integrantes del grupo de campa\u00f1a.<\/p>\n\n\n\n<p>Sobre el hecho existen diversos videos en los que se identifican a los agresores. <\/p>\n\n\n\n<figure class=\"wp-block-embed\"><div class=\"wp-block-embed__wrapper\">\n<div class=\"twitter-tweet\"><blockquote class=\"twitter-tweet\" data-lang=\"es\"><p lang=\"es\" dir=\"ltr\">As\u00ed narra el taxista de Miahuatl\u00e1n de Porfirio D\u00edaz la agresi\u00f3n de ayer durante un mitin de Morena y su candidato <a href=\"https:\/\/twitter.com\/salomonj?ref_src=twsrc%5Etfw\">@salomonj<\/a>.<br>Presuntamente fueron integrantes de la organizaci\u00f3n \u201c23 de Octubre\u201d; en el hecho hubo tambi\u00e9n detonaciones de arma de fuego. <a href=\"https:\/\/t.co\/8eP9BiGuWG\">pic.twitter.com\/8eP9BiGuWG<\/a><\/p>&mdash; Zona Roja Oaxaca (@ZonaRoja_Oaxaca) <a href=\"https:\/\/twitter.com\/ZonaRoja_Oaxaca\/status\/1529087125966278664?ref_src=twsrc%5Etfw\">24 de mayo de 2022<\/a><\/blockquote><\/div>\n<\/div><\/figure>\n","protected":false},"excerpt":{"rendered":"<p>Yuridiana Sosa\/Zona Roja. Oaxaca de Ju\u00e1rez, Oax., 24 de mayo de 2022.- La gira de&hellip;<\/p>\n","protected":false},"author":2,"featured_media":41559,"comment_status":"closed","ping_status":"open","sticky":false,"template":"","format":"standard","meta":{"_lmt_disableupdate":"","_lmt_disable":"","_jetpack_memberships_contains_paid_content":false,"footnotes":""},"categories":[109,47],"tags":[],"class_list":["post-41560","post","type-post","status-publish","format-standard","has-post-thumbnail","hentry","category-minuto-a-minuto","category-zona-gris"],"jetpack_featured_media_url":"https:\/\/zonaroja.com.mx\/wp-content\/uploads\/2022\/05\/7f024e76-708e-4d1c-98cd-f8c8b889464e.jpg","jetpack_sharing_enabled":true,"_links":{"self":[{"href":"https:\/\/zonaroja.com.mx\/index.php?rest_route=\/wp\/v2\/posts\/41560","targetHints":{"allow":["GET"]}}],"collection":[{"href":"https:\/\/zonaroja.com.mx\/index.php?rest_route=\/wp\/v2\/posts"}],"about":[{"href":"https:\/\/zonaroja.com.mx\/index.php?rest_route=\/wp\/v2\/types\/post"}],"author":[{"embeddable":true,"href":"https:\/\/zonaroja.com.mx\/index.php?rest_route=\/wp\/v2\/users\/2"}],"replies":[{"embeddable":true,"href":"https:\/\/zonaroja.com.mx\/index.php?rest_route=%2Fwp%2Fv2%2Fcomments&post=41560"}],"version-history":[{"count":2,"href":"https:\/\/zonaroja.com.mx\/index.php?rest_route=\/wp\/v2\/posts\/41560\/revisions"}],"predecessor-version":[{"id":41562,"href":"https:\/\/zonaroja.com.mx\/index.php?rest_route=\/wp\/v2\/posts\/41560\/revisions\/41562"}],"wp:featuredmedia":[{"embeddable":true,"href":"https:\/\/zonaroja.com.mx\/index.php?rest_route=\/wp\/v2\/media\/41559"}],"wp:attachment":[{"href":"https:\/\/zonaroja.com.mx\/index.php?rest_route=%2Fwp%2Fv2%2Fmedia&parent=41560"}],"wp:term":[{"taxonomy":"category","embeddable":true,"href":"https:\/\/zonaroja.com.mx\/index.php?rest_route=%2Fwp%2Fv2%2Fcategories&post=41560"},{"taxonomy":"post_tag","embeddable":true,"href":"https:\/\/zonaroja.com.mx\/index.php?rest_route=%2Fwp%2Fv2%2Ftags&post=41560"}],"curies":[{"name":"wp","href":"https:\/\/api.w.org\/{rel}","templated":true}]}}