{"id":41565,"date":"2022-05-24T19:14:59","date_gmt":"2022-05-25T00:14:59","guid":{"rendered":"http:\/\/www.zonaroja.com.mx\/?p=41565"},"modified":"2022-05-24T19:15:41","modified_gmt":"2022-05-25T00:15:41","slug":"suben-a-21-el-numero-de-muertos-en-tiroteo-de-texas-18-ninos-y-3-adultos","status":"publish","type":"post","link":"https:\/\/zonaroja.com.mx\/?p=41565","title":{"rendered":"Suben a 21 el n\u00famero de muertos en tiroteo de Texas: 18 ni\u00f1os y 3 adultos"},"content":{"rendered":"\n<p>Redacci\u00f3n\/Zona Roja Cdmx.<\/p>\n\n\n\n<p>Ciudad de M\u00e9xico, 24 de mayo de 2022.- La cifra de muertos por el tiroteo registrado en una primaria de Uvalde, Texas, Estados Unidos, ya subi\u00f3 a 21 personas en total, 18 de ellos son ni\u00f1os que estudiaban en ese plantel.<\/p>\n\n\n\n<p>El senador Ronald Guti\u00e9rrez, del partido Dem\u00f3crata, inform\u00f3 a medios de comunicaci\u00f3n sobre la nueva cifra de fallecidos por este tr\u00e1gico ataque.<\/p>\n\n\n\n<p>De acuerdo con la informaci\u00f3n del senador, hasta el momento se tienen 18 ni\u00f1os muertos y 3 adultos.<\/p>\n\n\n\n<p>El n\u00famero de heridos permanece desconocido, algunos medios locales hablan de una veintena que permanece en un hospital cercano.<\/p>\n\n\n\n<p>La primaria Robb ten\u00eda una matr\u00edcula de 600 estudiantes al momento del ataque.<\/p>\n\n\n\n<p>El gobernador de Texas, el republicano Greg Abbott, dijo que se cre\u00eda que el atacante, identificado como Salvador Ramos, le dispar\u00f3 a su abuela antes de dirigirse a la Escuela Primaria Robb alrededor del mediod\u00eda, abandonar su veh\u00edculo e ingresar con una pistola y posiblemente tambi\u00e9n un rifle.<\/p>\n\n\n\n<p>Dispar\u00f3 y mat\u00f3, de manera atroz y sin sentido, a 14 estudiantes y mat\u00f3 a un maestro\u00bb, dijo Abbott en una conferencia de prensa.<\/p>\n\n\n\n<p>El gobernador dijo que el sospechoso, a quien describi\u00f3 como un adolescente local y ciudadano estadounidense, tambi\u00e9n hab\u00eda \u00abfallecido\u00bb, y agreg\u00f3 que \u00abse cree que los polic\u00edas que respondieron lo mataron\u00bb.<\/p>\n\n\n\n<p>En el lugar se ve\u00eda a peque\u00f1os grupos de ni\u00f1os zigzagueando entre autos y autobuses estacionados, algunos tomados de la mano mientras sal\u00edan bajo escolta policial de la escuela, que tiene alumnos de entre siete y 10 a\u00f1os.<\/p>\n\n\n\n<p>(Informaci\u00f3n de \u00abExc\u00e9lsior\u00bb)<\/p>\n","protected":false},"excerpt":{"rendered":"<p>Redacci\u00f3n\/Zona Roja Cdmx. Ciudad de M\u00e9xico, 24 de mayo de 2022.- La cifra de muertos&hellip;<\/p>\n","protected":false},"author":2,"featured_media":41566,"comment_status":"closed","ping_status":"open","sticky":false,"template":"","format":"standard","meta":{"_lmt_disableupdate":"","_lmt_disable":"","_jetpack_memberships_contains_paid_content":false,"footnotes":""},"categories":[109,51],"tags":[3146],"class_list":["post-41565","post","type-post","status-publish","format-standard","has-post-thumbnail","hentry","category-minuto-a-minuto","category-zona-roja","tag-tiroteo-uvalde-texas"],"jetpack_featured_media_url":"https:\/\/zonaroja.com.mx\/wp-content\/uploads\/2022\/05\/Tiroteo-escuela-Texas-EU.jpeg","jetpack_sharing_enabled":true,"_links":{"self":[{"href":"https:\/\/zonaroja.com.mx\/index.php?rest_route=\/wp\/v2\/posts\/41565","targetHints":{"allow":["GET"]}}],"collection":[{"href":"https:\/\/zonaroja.com.mx\/index.php?rest_route=\/wp\/v2\/posts"}],"about":[{"href":"https:\/\/zonaroja.com.mx\/index.php?rest_route=\/wp\/v2\/types\/post"}],"author":[{"embeddable":true,"href":"https:\/\/zonaroja.com.mx\/index.php?rest_route=\/wp\/v2\/users\/2"}],"replies":[{"embeddable":true,"href":"https:\/\/zonaroja.com.mx\/index.php?rest_route=%2Fwp%2Fv2%2Fcomments&post=41565"}],"version-history":[{"count":2,"href":"https:\/\/zonaroja.com.mx\/index.php?rest_route=\/wp\/v2\/posts\/41565\/revisions"}],"predecessor-version":[{"id":41569,"href":"https:\/\/zonaroja.com.mx\/index.php?rest_route=\/wp\/v2\/posts\/41565\/revisions\/41569"}],"wp:featuredmedia":[{"embeddable":true,"href":"https:\/\/zonaroja.com.mx\/index.php?rest_route=\/wp\/v2\/media\/41566"}],"wp:attachment":[{"href":"https:\/\/zonaroja.com.mx\/index.php?rest_route=%2Fwp%2Fv2%2Fmedia&parent=41565"}],"wp:term":[{"taxonomy":"category","embeddable":true,"href":"https:\/\/zonaroja.com.mx\/index.php?rest_route=%2Fwp%2Fv2%2Fcategories&post=41565"},{"taxonomy":"post_tag","embeddable":true,"href":"https:\/\/zonaroja.com.mx\/index.php?rest_route=%2Fwp%2Fv2%2Ftags&post=41565"}],"curies":[{"name":"wp","href":"https:\/\/api.w.org\/{rel}","templated":true}]}}