{"id":41574,"date":"2022-05-24T21:07:21","date_gmt":"2022-05-25T02:07:21","guid":{"rendered":"http:\/\/www.zonaroja.com.mx\/?p=41574"},"modified":"2022-05-24T21:07:22","modified_gmt":"2022-05-25T02:07:22","slug":"desde-la-mixteca-jara-llama-a-votar-para-sacar-a-oaxaca-del-hoyo-de-la-pobreza","status":"publish","type":"post","link":"https:\/\/zonaroja.com.mx\/?p=41574","title":{"rendered":"Desde la Mixteca, Jara llama a votar para sacar a Oaxaca del hoyo de la pobreza"},"content":{"rendered":"\n<p>Redacci\u00f3n\/Zona Roja.<\/p>\n\n\n\n<p>Oaxaca de Ju\u00e1rez, Oax., 24 de mayo de 2022.- El candidato al Gobierno del Estado por la coalici\u00f3n \u201cJuntos Hacemos Historia en Oaxaca\u201d, Salom\u00f3n Jara Cruz, convoc\u00f3 a la ciudadan\u00eda a votar por la Cuarta Transformaci\u00f3n para garantizar un gobierno que combata el rezago social y la marginaci\u00f3n en la cual se encuentran miles de familias oaxaque\u00f1as.<\/p>\n\n\n\n<p>Al realizar sus m\u00edtines pol\u00edticos en la regi\u00f3n Mixteca, en los municipios de Asunci\u00f3n Nochixtl\u00e1n y la Heroica Ciudad de Tlaxiaco, enfatiz\u00f3 que su propuesta de plan de gobierno contempla rubros para garantizar el combate al retraso y estancamiento social, por lo que invit\u00f3 a la ciudadan\u00eda a participar en las elecciones del pr\u00f3ximo 5 de junio, y construir desde las urnas un gobierno del pueblo.<\/p>\n\n\n\n<p>Asegur\u00f3 que, desde lo federal, de la mano de \u201cya saben qui\u00e9n\u201d, ejecutar\u00e1n las pol\u00edticas necesarias para beneficiar a las familias que por a\u00f1os y sexenios ha estado sumidas en la pobreza, porque as\u00ed les conven\u00eda a los gobiernos neoliberales.&nbsp;<\/p>\n\n\n\n<p>\u201cDesde hace 30 a\u00f1os que venimos recorriendo los municipios de Oaxaca, junto a \u00abcabecita de algod\u00f3n\u00bb, ya eran prioridad los pueblos y comunidades, y desde entonces nos hicimos el compromiso de, al llegar al poder, trabajar juntos por el bien de nuestro Oaxaca\u201d, afirm\u00f3.<\/p>\n\n\n\n<p>El abanderado de los partidos Morena, Verde Ecologista, PT y PUP, inform\u00f3 que sus pol\u00edticas p\u00fablicas para combatir el rezago se enfocar\u00e1n en el rescate del campo, actividades productivas entre otros aspectos.<\/p>\n\n\n\n<p>Por ello indic\u00f3 que, se implementar\u00e1 un programa para que todas las comunidades cuenten con apoyo humano, t\u00e9cnico, profesional y especializado, para el desarrollo de su producci\u00f3n agropecuaria.<\/p>\n\n\n\n<p>Asimismo, se garantizar\u00e1 que el desarrollo de la industria forestal se realice de manera responsable, sostenible y con una mirada puesta en el bienestar de los pueblos y comunidades.<\/p>\n\n\n\n<p>Tambi\u00e9n, se fortalecer\u00e1n los proyectos estrat\u00e9gicos impulsados por el Gobierno de M\u00e9xico para que Oaxaca se convierta en el epicentro del nuevo modelo de desarrollo del sur del pa\u00eds, entre otras acciones.<\/p>\n","protected":false},"excerpt":{"rendered":"<p>Redacci\u00f3n\/Zona Roja. Oaxaca de Ju\u00e1rez, Oax., 24 de mayo de 2022.- El candidato al Gobierno&hellip;<\/p>\n","protected":false},"author":2,"featured_media":41575,"comment_status":"closed","ping_status":"open","sticky":false,"template":"","format":"standard","meta":{"_lmt_disableupdate":"","_lmt_disable":"","_jetpack_memberships_contains_paid_content":false,"footnotes":""},"categories":[109,46],"tags":[316],"class_list":["post-41574","post","type-post","status-publish","format-standard","has-post-thumbnail","hentry","category-minuto-a-minuto","category-zona-blanca","tag-alejandro-aviles-alvarez"],"jetpack_featured_media_url":"https:\/\/zonaroja.com.mx\/wp-content\/uploads\/2022\/05\/Salomon-Jara-gira-Mixteca.jpg","jetpack_sharing_enabled":true,"_links":{"self":[{"href":"https:\/\/zonaroja.com.mx\/index.php?rest_route=\/wp\/v2\/posts\/41574","targetHints":{"allow":["GET"]}}],"collection":[{"href":"https:\/\/zonaroja.com.mx\/index.php?rest_route=\/wp\/v2\/posts"}],"about":[{"href":"https:\/\/zonaroja.com.mx\/index.php?rest_route=\/wp\/v2\/types\/post"}],"author":[{"embeddable":true,"href":"https:\/\/zonaroja.com.mx\/index.php?rest_route=\/wp\/v2\/users\/2"}],"replies":[{"embeddable":true,"href":"https:\/\/zonaroja.com.mx\/index.php?rest_route=%2Fwp%2Fv2%2Fcomments&post=41574"}],"version-history":[{"count":1,"href":"https:\/\/zonaroja.com.mx\/index.php?rest_route=\/wp\/v2\/posts\/41574\/revisions"}],"predecessor-version":[{"id":41576,"href":"https:\/\/zonaroja.com.mx\/index.php?rest_route=\/wp\/v2\/posts\/41574\/revisions\/41576"}],"wp:featuredmedia":[{"embeddable":true,"href":"https:\/\/zonaroja.com.mx\/index.php?rest_route=\/wp\/v2\/media\/41575"}],"wp:attachment":[{"href":"https:\/\/zonaroja.com.mx\/index.php?rest_route=%2Fwp%2Fv2%2Fmedia&parent=41574"}],"wp:term":[{"taxonomy":"category","embeddable":true,"href":"https:\/\/zonaroja.com.mx\/index.php?rest_route=%2Fwp%2Fv2%2Fcategories&post=41574"},{"taxonomy":"post_tag","embeddable":true,"href":"https:\/\/zonaroja.com.mx\/index.php?rest_route=%2Fwp%2Fv2%2Ftags&post=41574"}],"curies":[{"name":"wp","href":"https:\/\/api.w.org\/{rel}","templated":true}]}}