{"id":41577,"date":"2022-05-24T21:36:06","date_gmt":"2022-05-25T02:36:06","guid":{"rendered":"http:\/\/www.zonaroja.com.mx\/?p=41577"},"modified":"2022-05-24T21:36:08","modified_gmt":"2022-05-25T02:36:08","slug":"no-cesan-los-crimenes-en-la-capital-de-oaxaca-otro-tambien-en-matias-romero","status":"publish","type":"post","link":"https:\/\/zonaroja.com.mx\/?p=41577","title":{"rendered":"No cesan los cr\u00edmenes en la capital de Oaxaca; otro tambi\u00e9n en Mat\u00edas Romero"},"content":{"rendered":"\n<p>Ismael Garc\u00eda M.\/Zona Roja.<\/p>\n\n\n\n<p>Oaxaca de Ju\u00e1rez, Oax., 24 de mayo de 2022.- La ola de violencia no cesa en la ciudad de Oaxaca.<\/p>\n\n\n\n<p>La ma\u00f1ana de hoy fue asesinado un velador en un almac\u00e9n ubicado en la calle \u00c9bano de la colonia Primavera, cerca de las riberas del r\u00edo \u201cAtoyac\u201d, jurisdicci\u00f3n de la agencia de San Mart\u00edn Mexicapam.<\/p>\n\n\n\n<p>Corporaciones policiacas fueron alertadas del cuerpo sin vida en el interior del, por lo cual se efectuaron revisiones; tras ello hallaron a un hombre que posteriormente fue identificado como Lorenzo P. H., de 59 a\u00f1os de edad.<\/p>\n\n\n\n<p>Se presume que intentaba impedir un robo de materiales de construcci\u00f3n, por lo cual fue asesinado con arma blanca.<\/p>\n\n\n\n<figure class=\"wp-block-embed is-type-rich is-provider-twitter wp-block-embed-twitter\"><div class=\"wp-block-embed__wrapper\">\n<div class=\"twitter-tweet\"><blockquote class=\"twitter-tweet\" data-lang=\"es\"><p lang=\"es\" dir=\"ltr\"><a href=\"https:\/\/twitter.com\/hashtag\/%C3%9AltimoMinuto?src=hash&amp;ref_src=twsrc%5Etfw\">#\u00daltimoMinuto<\/a> <br>Localizan sin vida el cuerpo de una persona del sexo masculino, al parecer velador de una empresa ubicada en las riberas del r\u00edo \u201cAtoyac\u201d, jurisdicci\u00f3n de San Mart\u00edn Mexic\u00e1pam, ciudad de <a href=\"https:\/\/twitter.com\/hashtag\/Oaxaca?src=hash&amp;ref_src=twsrc%5Etfw\">#Oaxaca<\/a>. <a href=\"https:\/\/t.co\/WiTjpPsUlM\">pic.twitter.com\/WiTjpPsUlM<\/a><\/p>&mdash; Zona Roja Oaxaca (@ZonaRoja_Oaxaca) <a href=\"https:\/\/twitter.com\/ZonaRoja_Oaxaca\/status\/1529108477322354688?ref_src=twsrc%5Etfw\">24 de mayo de 2022<\/a><\/blockquote><\/div>\n<\/div><\/figure>\n\n\n\n<p>OTRO EN MAT\u00cdAS<\/p>\n\n\n\n<p>Por otra parte, por tercer d\u00eda consecutivo se registr\u00f3 un homicidio doloso en el municipio de Mat\u00edas Romero Avenda\u00f1o.<\/p>\n\n\n\n<p>Cerca de las 22:00 horas de ayer se registraron detonaciones de arma de fuego en la calle Ni\u00f1os H\u00e9roes de la colonia Barrio Nuevo, ante lo cual se movilizaron corporaciones policiacas.<\/p>\n\n\n\n<p>Tras ello fue hallado el cuerpo sin vida de una persona del sexo masculino, identificada como \u00c1ngel Adolfo C.P., de aproximadamente 18 a\u00f1os de edad; en este tercer caso tampoco hay personas detenidas.<\/p>\n\n\n\n<p>EJECUTADO EN TEHUANTEPEC<\/p>\n\n\n\n<p>Mientras tanto, corporaciones policiacas y autoridades ministeriales identificaron el cuerpo sin vida hallad ayer en jurisdicci\u00f3n de la agencia de Santa Teresa, Santo Domingo Tehuantepec, y que presentaba varios impactos de arma de fuego.<\/p>\n\n\n\n<p>Se trata de Francisco Mart\u00ednez Hern\u00e1ndez, de 28 a\u00f1os de edad, quien fue identificado por sus familiares y a\u00fan desconocen los motivos por los cuales fue asesinado a balazos.<\/p>\n","protected":false},"excerpt":{"rendered":"<p>Ismael Garc\u00eda M.\/Zona Roja. Oaxaca de Ju\u00e1rez, Oax., 24 de mayo de 2022.- La ola&hellip;<\/p>\n","protected":false},"author":2,"featured_media":41578,"comment_status":"closed","ping_status":"open","sticky":false,"template":"","format":"standard","meta":{"_lmt_disableupdate":"","_lmt_disable":"","_jetpack_memberships_contains_paid_content":false,"footnotes":""},"categories":[109,51],"tags":[228,148],"class_list":["post-41577","post","type-post","status-publish","format-standard","has-post-thumbnail","hentry","category-minuto-a-minuto","category-zona-roja","tag-matias-romero-avendano","tag-oaxaca-de-juarez"],"jetpack_featured_media_url":"https:\/\/zonaroja.com.mx\/wp-content\/uploads\/2022\/05\/Asesinado-ciudad-de-Oaxaca.jpg","jetpack_sharing_enabled":true,"_links":{"self":[{"href":"https:\/\/zonaroja.com.mx\/index.php?rest_route=\/wp\/v2\/posts\/41577","targetHints":{"allow":["GET"]}}],"collection":[{"href":"https:\/\/zonaroja.com.mx\/index.php?rest_route=\/wp\/v2\/posts"}],"about":[{"href":"https:\/\/zonaroja.com.mx\/index.php?rest_route=\/wp\/v2\/types\/post"}],"author":[{"embeddable":true,"href":"https:\/\/zonaroja.com.mx\/index.php?rest_route=\/wp\/v2\/users\/2"}],"replies":[{"embeddable":true,"href":"https:\/\/zonaroja.com.mx\/index.php?rest_route=%2Fwp%2Fv2%2Fcomments&post=41577"}],"version-history":[{"count":1,"href":"https:\/\/zonaroja.com.mx\/index.php?rest_route=\/wp\/v2\/posts\/41577\/revisions"}],"predecessor-version":[{"id":41579,"href":"https:\/\/zonaroja.com.mx\/index.php?rest_route=\/wp\/v2\/posts\/41577\/revisions\/41579"}],"wp:featuredmedia":[{"embeddable":true,"href":"https:\/\/zonaroja.com.mx\/index.php?rest_route=\/wp\/v2\/media\/41578"}],"wp:attachment":[{"href":"https:\/\/zonaroja.com.mx\/index.php?rest_route=%2Fwp%2Fv2%2Fmedia&parent=41577"}],"wp:term":[{"taxonomy":"category","embeddable":true,"href":"https:\/\/zonaroja.com.mx\/index.php?rest_route=%2Fwp%2Fv2%2Fcategories&post=41577"},{"taxonomy":"post_tag","embeddable":true,"href":"https:\/\/zonaroja.com.mx\/index.php?rest_route=%2Fwp%2Fv2%2Ftags&post=41577"}],"curies":[{"name":"wp","href":"https:\/\/api.w.org\/{rel}","templated":true}]}}