{"id":41586,"date":"2022-05-25T07:47:42","date_gmt":"2022-05-25T12:47:42","guid":{"rendered":"http:\/\/www.zonaroja.com.mx\/?p=41586"},"modified":"2022-05-25T07:47:45","modified_gmt":"2022-05-25T12:47:45","slug":"ofrece-el-triple-a-garantizar-la-seguridad-para-los-oaxaquenos","status":"publish","type":"post","link":"https:\/\/zonaroja.com.mx\/?p=41586","title":{"rendered":"Ofrece el \u201cTriple A\u201d garantizar la seguridad para los oaxaque\u00f1os"},"content":{"rendered":"\n<p>Redacci\u00f3n\/Zona Roja.<\/p>\n\n\n\n<p>Oaxaca de Ju\u00e1rez, Oax., 25 de mayo de 2022.- Arropado por una multitud de hombres y mujeres provenientes de pueblos y comunidades del Istmo, el candidato com\u00fan del PRI-PRD a la gubernatura de Oaxaca, Alejandro Avil\u00e9s \u00c1lvarez afirm\u00f3 que la seguridad de las familias istme\u00f1as ser\u00e1 una prioridad que atender\u00e1 su administraci\u00f3n con total responsabilidad, en la que participar\u00e1n los tres \u00f3rdenes de gobierno todos los d\u00edas, para establecer un clima de paz y estabilidad social.&nbsp;<\/p>\n\n\n\n<p>\u201cPondr\u00e9 todo mi esfuerzo para que tengan seguridad en sus calles, en sus municipios, vamos a poner en funcionamiento c\u00e1maras de videovigilancia las 24 horas del d\u00eda para combatir la inseguridad. Quiero decirles que durante mi gobierno, vamos a caminar por nuestras calles tranquilamente; las y los emprendedores, as\u00ed como los empresarios tendr\u00e1n la seguridad de que sus negocios necesitan para trabajar sin preocupaciones\u201d, asever\u00f3 en Juchit\u00e1n de Zaragoza.&nbsp;<\/p>\n\n\n\n<p>En este contexto, el \u201cTriple A\u201d indic\u00f3 que para garantizar la prosperidad y la econom\u00eda del Istmo, impulsar\u00e1 programas de desarrollo social, laborales, educativos y de emprendimiento, para que todas las y los oaxaque\u00f1as tengan oportunidades para salir adelante con el apoyo del gobierno estatal.\u00a0<\/p>\n\n\n\n<figure class=\"wp-block-embed is-type-rich is-provider-twitter wp-block-embed-twitter\"><div class=\"wp-block-embed__wrapper\">\n<div class=\"twitter-tweet\"><blockquote class=\"twitter-tweet\" data-lang=\"es\"><p lang=\"es\" dir=\"ltr\"><a href=\"https:\/\/twitter.com\/hashtag\/EleccionesOaxaca2022?src=hash&amp;ref_src=twsrc%5Etfw\">#EleccionesOaxaca2022<\/a> <br>\u201c\u00a1Estamos listos para la gran victoria!\u201d, dice el candidato <a href=\"https:\/\/twitter.com\/_AvilesAlvarez?ref_src=twsrc%5Etfw\">@_AvilesAlvarez<\/a>, en gira por Salina Cruz y Juchit\u00e1n, donde los priistas, perredistas y miles de ciudadanos le reiteran su respaldo y voto en la elecci\u00f3n del 5 de junio. <a href=\"https:\/\/t.co\/KVenLRDJxY\">pic.twitter.com\/KVenLRDJxY<\/a><\/p>&mdash; Zona Roja Oaxaca (@ZonaRoja_Oaxaca) <a href=\"https:\/\/twitter.com\/ZonaRoja_Oaxaca\/status\/1529291881351368704?ref_src=twsrc%5Etfw\">25 de mayo de 2022<\/a><\/blockquote><\/div>\n<\/div><\/figure>\n\n\n\n<p>\u201cVoy a trabajar todos los d\u00edas para que les vaya bien a los pueblos, para que les vaya bien a los campesinos, a las mujeres, a las y los adultos mayores, para que tengan consultas y medicamentos gratis. Trabajar\u00e9 muy fuerte para que las y los j\u00f3venes sigan estudiando, para que tengan becas y para que cuando terminen de estudiar tengan trabajo\u201d, resalt\u00f3.<\/p>\n\n\n\n<p>El abanderado tricolor, sostuvo que durante los pr\u00f3ximos seis a\u00f1os todas las familias contar\u00e1n con apoyos y subsidios econ\u00f3micos, que les permitan mejorar la econom\u00eda familiar, adem\u00e1s de programas para el campo, empresas, empleo y emprendimiento que coadyuven a la transformaci\u00f3n de Oaxaca.<\/p>\n\n\n\n<p>\u201cVamos por nuestros sue\u00f1os, vamos por los sue\u00f1os de las mujeres, de las ni\u00f1as y ni\u00f1os, de los campesinos, de las personas con discapacidad, de los grupos de la diversidad sexual, vamos por los sue\u00f1os de Oaxaca\u201d, expres\u00f3.&nbsp;<\/p>\n\n\n\n<p>En sus actividades de precierre de campa\u00f1a, Alejandro Avil\u00e9s tambi\u00e9n asisti\u00f3 a un encuentro con la militancia priista del puerto de Salina Cruz, donde miles de simpatizantes le refrendaron su apoyo y respaldo para lograr su triunfo el pr\u00f3ximo 5 de junio.<\/p>\n","protected":false},"excerpt":{"rendered":"<p>Redacci\u00f3n\/Zona Roja. Oaxaca de Ju\u00e1rez, Oax., 25 de mayo de 2022.- Arropado por una multitud&hellip;<\/p>\n","protected":false},"author":2,"featured_media":41587,"comment_status":"closed","ping_status":"open","sticky":false,"template":"","format":"standard","meta":{"_lmt_disableupdate":"","_lmt_disable":"","_jetpack_memberships_contains_paid_content":false,"footnotes":""},"categories":[109,46],"tags":[316],"class_list":["post-41586","post","type-post","status-publish","format-standard","has-post-thumbnail","hentry","category-minuto-a-minuto","category-zona-blanca","tag-alejandro-aviles-alvarez"],"jetpack_featured_media_url":"https:\/\/zonaroja.com.mx\/wp-content\/uploads\/2022\/05\/Alejandro-Aviles-Istmo.jpeg","jetpack_sharing_enabled":true,"_links":{"self":[{"href":"https:\/\/zonaroja.com.mx\/index.php?rest_route=\/wp\/v2\/posts\/41586","targetHints":{"allow":["GET"]}}],"collection":[{"href":"https:\/\/zonaroja.com.mx\/index.php?rest_route=\/wp\/v2\/posts"}],"about":[{"href":"https:\/\/zonaroja.com.mx\/index.php?rest_route=\/wp\/v2\/types\/post"}],"author":[{"embeddable":true,"href":"https:\/\/zonaroja.com.mx\/index.php?rest_route=\/wp\/v2\/users\/2"}],"replies":[{"embeddable":true,"href":"https:\/\/zonaroja.com.mx\/index.php?rest_route=%2Fwp%2Fv2%2Fcomments&post=41586"}],"version-history":[{"count":1,"href":"https:\/\/zonaroja.com.mx\/index.php?rest_route=\/wp\/v2\/posts\/41586\/revisions"}],"predecessor-version":[{"id":41588,"href":"https:\/\/zonaroja.com.mx\/index.php?rest_route=\/wp\/v2\/posts\/41586\/revisions\/41588"}],"wp:featuredmedia":[{"embeddable":true,"href":"https:\/\/zonaroja.com.mx\/index.php?rest_route=\/wp\/v2\/media\/41587"}],"wp:attachment":[{"href":"https:\/\/zonaroja.com.mx\/index.php?rest_route=%2Fwp%2Fv2%2Fmedia&parent=41586"}],"wp:term":[{"taxonomy":"category","embeddable":true,"href":"https:\/\/zonaroja.com.mx\/index.php?rest_route=%2Fwp%2Fv2%2Fcategories&post=41586"},{"taxonomy":"post_tag","embeddable":true,"href":"https:\/\/zonaroja.com.mx\/index.php?rest_route=%2Fwp%2Fv2%2Ftags&post=41586"}],"curies":[{"name":"wp","href":"https:\/\/api.w.org\/{rel}","templated":true}]}}