{"id":41589,"date":"2022-05-25T09:50:00","date_gmt":"2022-05-25T14:50:00","guid":{"rendered":"http:\/\/www.zonaroja.com.mx\/?p=41589"},"modified":"2022-05-25T07:54:34","modified_gmt":"2022-05-25T12:54:34","slug":"llaman-a-triquis-a-privilegiar-el-dialogo-para-resolver-conflictos","status":"publish","type":"post","link":"https:\/\/zonaroja.com.mx\/?p=41589","title":{"rendered":"Llaman a triquis a privilegiar el di\u00e1logo para resolver conflictos"},"content":{"rendered":"\n<p>Redacci\u00f3n\/Zona Roja Cdmx.<\/p>\n\n\n\n<p>Ciudad de M\u00e9xico, 25 de mayo de 2022.- Por medio de un pronunciamiento en conjunto difundido por la organizaci\u00f3n Servicios y Asesor\u00eda para a Paz, AC (Serapaz), 48 agrupaciones, as\u00ed como 44 activistas y acad\u00e9micos, llamaron al pueblo Triqui de Oaxaca a que a \u201cque con serenidad y entereza den los pasos necesarios para que el di\u00e1logo sea la ruta de acciones y frutos de justicia y dignidad para todas y todos\u201d.<\/p>\n\n\n\n<p>Esto luego que prevalece las diferencias entre dos grupos de esta comunidad que han mantenido desplazados en la Ciudad de M\u00e9xico a habitantes de Tierra Blanca.<\/p>\n\n\n\n<p>Exhortaron a no poner al centro las diferencias, dolores y agravios, sino la esperanza de un proceso dialogado con base en su cultura, la riqueza de su palabra y su lucha por la justicia.<\/p>\n\n\n\n<p>Tras el asesinato de Luciano P\u00e9rez Mart\u00ednez, integrante de una de las agrupaciones en conflicto, expresaron su preocupaci\u00f3n de que este hecho ponga en riesgo el retorno a Tierra Blanca de los integrantes de la comunidad triqui, y expusieron que la paz requiere esfuerzos in\u00e9ditos.<\/p>\n\n\n\n<p>\u201cAunque durante muchos a\u00f1os el pueblo y la Naci\u00f3n Triqui han sufrido diversos dolores y agravios, el sue\u00f1o de la paz ha vislumbrado en varios momentos de su historia. Larga ha sido tambi\u00e9n la solidaridad que ustedes han merecido y recibido\u201d, agregaron en la misiva.<\/p>\n\n\n\n<p>Ponderaron, adem\u00e1s, que es tiempo de la reconciliaci\u00f3n y la apuesta estrat\u00e9gica por un proceso hacia la paz.<\/p>\n","protected":false},"excerpt":{"rendered":"<p>Redacci\u00f3n\/Zona Roja Cdmx. Ciudad de M\u00e9xico, 25 de mayo de 2022.- Por medio de un&hellip;<\/p>\n","protected":false},"author":2,"featured_media":12289,"comment_status":"closed","ping_status":"open","sticky":false,"template":"","format":"standard","meta":{"_lmt_disableupdate":"","_lmt_disable":"","_jetpack_memberships_contains_paid_content":false,"footnotes":""},"categories":[109,47],"tags":[1712],"class_list":["post-41589","post","type-post","status-publish","format-standard","has-post-thumbnail","hentry","category-minuto-a-minuto","category-zona-gris","tag-tierra-blanca-copala"],"jetpack_featured_media_url":"https:\/\/zonaroja.com.mx\/wp-content\/uploads\/2020\/05\/Triquis-Oaxaca.png","jetpack_sharing_enabled":true,"_links":{"self":[{"href":"https:\/\/zonaroja.com.mx\/index.php?rest_route=\/wp\/v2\/posts\/41589","targetHints":{"allow":["GET"]}}],"collection":[{"href":"https:\/\/zonaroja.com.mx\/index.php?rest_route=\/wp\/v2\/posts"}],"about":[{"href":"https:\/\/zonaroja.com.mx\/index.php?rest_route=\/wp\/v2\/types\/post"}],"author":[{"embeddable":true,"href":"https:\/\/zonaroja.com.mx\/index.php?rest_route=\/wp\/v2\/users\/2"}],"replies":[{"embeddable":true,"href":"https:\/\/zonaroja.com.mx\/index.php?rest_route=%2Fwp%2Fv2%2Fcomments&post=41589"}],"version-history":[{"count":1,"href":"https:\/\/zonaroja.com.mx\/index.php?rest_route=\/wp\/v2\/posts\/41589\/revisions"}],"predecessor-version":[{"id":41590,"href":"https:\/\/zonaroja.com.mx\/index.php?rest_route=\/wp\/v2\/posts\/41589\/revisions\/41590"}],"wp:featuredmedia":[{"embeddable":true,"href":"https:\/\/zonaroja.com.mx\/index.php?rest_route=\/wp\/v2\/media\/12289"}],"wp:attachment":[{"href":"https:\/\/zonaroja.com.mx\/index.php?rest_route=%2Fwp%2Fv2%2Fmedia&parent=41589"}],"wp:term":[{"taxonomy":"category","embeddable":true,"href":"https:\/\/zonaroja.com.mx\/index.php?rest_route=%2Fwp%2Fv2%2Fcategories&post=41589"},{"taxonomy":"post_tag","embeddable":true,"href":"https:\/\/zonaroja.com.mx\/index.php?rest_route=%2Fwp%2Fv2%2Ftags&post=41589"}],"curies":[{"name":"wp","href":"https:\/\/api.w.org\/{rel}","templated":true}]}}