{"id":41597,"date":"2022-05-25T08:32:46","date_gmt":"2022-05-25T13:32:46","guid":{"rendered":"http:\/\/www.zonaroja.com.mx\/?p=41597"},"modified":"2022-05-25T08:32:49","modified_gmt":"2022-05-25T13:32:49","slug":"a-los-periodistas-no-hay-que-matarlos-a-balazos-sino-de-hambre-lider-del-pri","status":"publish","type":"post","link":"https:\/\/zonaroja.com.mx\/?p=41597","title":{"rendered":"\u201cA los periodistas no hay que matarlos a balazos, sino de hambre\u201d: l\u00edder del PRI"},"content":{"rendered":"\n<p>Redacci\u00f3n\/Zona Roja Cdmx.<\/p>\n\n\n\n<p>Ciudad de M\u00e9xico, 25 de mayo de 2022.- \u201cA los periodistas no hay que matarlos a balazos, pap\u00e1, hay que matarlos de hambre\u201d, dijo el dirigente del Partido Revolucionario Institucional (PRI), Alejandro Alito Moreno C\u00e1rdenas, en un nuevo audio divulgado anoche por la gobernadora de Campeche, Layda Sansores San Rom\u00e1n, durante su programa por Internet Martes de Jaguar.<\/p>\n\n\n\n<p>Sansores present\u00f3 una grabaci\u00f3n en la cual se escucha a Moreno dialogar con una persona no identificada sobre el supuesto pago a propietarios de medios de informaci\u00f3n de Campeche, y sugiere \u201cal hijueputa que se pase de verga, una verguiza salvaje. A los periodistas no hay que matarlos a balazos, pap\u00e1, hay que matarlos de hambre\u201d.<\/p>\n\n\n\n<p>Moreno emiti\u00f3 estas declaraciones despu\u00e9s de mencionar que le iba a \u201cmentar la madre\u201d a Alexandro Arceo Azar, administrador general del diario local \u201cTribuna\u201d, y le pedir\u00eda que le \u201cdevolviera su maleta\u201d, sin dar detalles.<\/p>\n\n\n\n<p>OTRO AUDIO<\/p>\n\n\n\n<p>Antes, Sansores dio a conocer otro audio con la voz de Moreno, quien hablaba con un presunto cirujano pl\u00e1stico que le sugiere someterse a operaciones en el rostro y al que, en compensaci\u00f3n por su trabajo, el tambi\u00e9n ex gobernador pone a disposici\u00f3n su avi\u00f3n para que viaje a Campeche \u201cunos tres o cuatro d\u00edas\u201d con todos los gastos pagados.<\/p>\n\n\n\n<p>\u201cT\u00fa dime con qui\u00e9n quieres ir, cuatro, cinco, yo te pongo mi avi\u00f3n \u2013dice el pri\u00edsta a su interlocutor\u2013. Tengo un depa all\u00e1, me dices, \u2018Alito, un jueves, un viernes\u2019\u201d.<\/p>\n\n\n\n<p>La mandataria morenista asimismo se refiri\u00f3 al pago de al menos 5 millones de d\u00f3lares que el PRI habr\u00eda hecho al estratega pol\u00edtico espa\u00f1ol Antonio Sol\u00e1, lo que constituir\u00eda un delito electoral, por lo que anunci\u00f3 que interpondr\u00e1 una denuncia ante el INE.<\/p>\n\n\n\n<p>\u201cA Sol\u00e1 le pagaban un mill\u00f3n de pesos diarios con el dinero de los campechanos, y adem\u00e1s no pagaba impuestos, ya que se lo enviaban a Panam\u00e1\u201d, acus\u00f3 la gobernadora.<\/p>\n\n\n\n<p>V\u00cdCTIMA<\/p>\n\n\n\n<p>Ayer por la tarde, Alito Moreno asegur\u00f3 ser v\u00edctima de una persecuci\u00f3n, y descart\u00f3 que vaya a huir de M\u00e9xico luego de los esc\u00e1ndalos derivados de los audios que revel\u00f3 su sucesora al frente del gobierno campechano.<\/p>\n\n\n\n<p>El ex senador sostuvo que Sansores divulg\u00f3 esas grabaciones, en las cuales ordena pagos para Sol\u00e1 y habla sobre presuntas aportaciones a campa\u00f1as pri\u00edstas por parte del due\u00f1o de la cadena Cin\u00e9polis, Alejandro Ram\u00edrez Maga\u00f1a, en represalia porque el tricolor vot\u00f3 contra la reforma el\u00e9ctrica.<\/p>\n\n\n\n<p>(Informaci\u00f3n de \u201cLa Jornada\u201d)<\/p>\n","protected":false},"excerpt":{"rendered":"<p>Redacci\u00f3n\/Zona Roja Cdmx. Ciudad de M\u00e9xico, 25 de mayo de 2022.- \u201cA los periodistas no&hellip;<\/p>\n","protected":false},"author":2,"featured_media":4186,"comment_status":"closed","ping_status":"open","sticky":false,"template":"","format":"standard","meta":{"_lmt_disableupdate":"","_lmt_disable":"","_jetpack_memberships_contains_paid_content":false,"footnotes":""},"categories":[109,47],"tags":[314],"class_list":["post-41597","post","type-post","status-publish","format-standard","has-post-thumbnail","hentry","category-minuto-a-minuto","category-zona-gris","tag-alejandro-moreno-cardenas"],"jetpack_featured_media_url":"https:\/\/zonaroja.com.mx\/wp-content\/uploads\/2019\/09\/Alejandro-Moreno.jpg","jetpack_sharing_enabled":true,"_links":{"self":[{"href":"https:\/\/zonaroja.com.mx\/index.php?rest_route=\/wp\/v2\/posts\/41597","targetHints":{"allow":["GET"]}}],"collection":[{"href":"https:\/\/zonaroja.com.mx\/index.php?rest_route=\/wp\/v2\/posts"}],"about":[{"href":"https:\/\/zonaroja.com.mx\/index.php?rest_route=\/wp\/v2\/types\/post"}],"author":[{"embeddable":true,"href":"https:\/\/zonaroja.com.mx\/index.php?rest_route=\/wp\/v2\/users\/2"}],"replies":[{"embeddable":true,"href":"https:\/\/zonaroja.com.mx\/index.php?rest_route=%2Fwp%2Fv2%2Fcomments&post=41597"}],"version-history":[{"count":1,"href":"https:\/\/zonaroja.com.mx\/index.php?rest_route=\/wp\/v2\/posts\/41597\/revisions"}],"predecessor-version":[{"id":41598,"href":"https:\/\/zonaroja.com.mx\/index.php?rest_route=\/wp\/v2\/posts\/41597\/revisions\/41598"}],"wp:featuredmedia":[{"embeddable":true,"href":"https:\/\/zonaroja.com.mx\/index.php?rest_route=\/wp\/v2\/media\/4186"}],"wp:attachment":[{"href":"https:\/\/zonaroja.com.mx\/index.php?rest_route=%2Fwp%2Fv2%2Fmedia&parent=41597"}],"wp:term":[{"taxonomy":"category","embeddable":true,"href":"https:\/\/zonaroja.com.mx\/index.php?rest_route=%2Fwp%2Fv2%2Fcategories&post=41597"},{"taxonomy":"post_tag","embeddable":true,"href":"https:\/\/zonaroja.com.mx\/index.php?rest_route=%2Fwp%2Fv2%2Ftags&post=41597"}],"curies":[{"name":"wp","href":"https:\/\/api.w.org\/{rel}","templated":true}]}}