{"id":41604,"date":"2022-05-25T13:03:20","date_gmt":"2022-05-25T18:03:20","guid":{"rendered":"https:\/\/www.zonaroja.com.mx\/?p=41604"},"modified":"2022-05-25T13:05:46","modified_gmt":"2022-05-25T18:05:46","slug":"preven-a-nivel-nacional-que-natividad-diaz-jimenez-decline-a-favor-de-aviles","status":"publish","type":"post","link":"https:\/\/zonaroja.com.mx\/?p=41604","title":{"rendered":"Prev\u00e9n a nivel nacional que Natividad D\u00edaz Jim\u00e9nez decline a favor de Avil\u00e9s"},"content":{"rendered":"\n<p>Redacci\u00f3n\/Zona Roja Cdmx.&nbsp;<\/p>\n\n\n\n<p>Ciudad de M\u00e9xico, 25 de Mayo de 2022.- Pese a las resistencias de Natividad D\u00edaz Jim\u00e9nez, a nivel nacional el PAN analiza que decline su candidatura a favor del pri\u00edsta &nbsp;Alejandro Avil\u00e9s \u00c1lvarez.<\/p>\n\n\n\n<p>As\u00ed lo manifestaron ayer dirigentes de los partidos de Acci\u00f3n Nacional (PAN), Revolucionario Institucional (PRI) y de la Revoluci\u00f3n Democr\u00e1tica (PRD), marcaron canci\u00f3n de sumarse a una candidatura com\u00fan tanto en Oaxaca como en el estado de Quintana Roo.&nbsp;<\/p>\n\n\n\n<p>En esta entidad, el PRD y el PRI impulsan al pri\u00edsta Avil\u00e9s \u00c1lvarez, mientras que en Quintana Roo la alianza es \u00fanicamente entre el PAN y el PRD.&nbsp;<\/p>\n\n\n\n<p>\u201cEn una coalici\u00f3n trabajamos con inteligencia y estrategia, no con ocurrencias. Tenemos claro el tema de Quintana Roo, tenemos claro el tema de Oaxaca, estamos trabajando en las entidades federativas y vamos a construir hacia adelante, falta tiempo para la elecci\u00f3n, seguimos dialogando\u201d, dijo&nbsp;Alejandro Moreno.&nbsp;<\/p>\n\n\n\n<p>A su vez, Jes\u00fas Zambrano dijo que lo mejor que pudo hacerse desde un principio era que los tres partidos se aliaran para la gubernatura de los seis estados que tendr\u00e1n elecciones para la gubernatura el pr\u00f3ximo 5 de junio.<\/p>\n\n\n\n<p>\u201cDeber\u00e1 tomar el PRI su decisi\u00f3n en Quintana Roo; tambi\u00e9n el PAN en el caso de Oaxaca, no lo doy por perdido, ha ido subiendo la campa\u00f1a de la alianza PRD y PRI, ha ido creciendo en aceptaci\u00f3n y de aqu\u00ed a 12 d\u00edas de la elecci\u00f3n vamos a ver qu\u00e9 pasa, ojal\u00e1 el PAN pudiera tomar una decisi\u00f3n en este sentido\u201d, dijo.&nbsp;<\/p>\n\n\n\n<p>El perredista&nbsp;manifest\u00f3 que lo que la&nbsp;alianza PRI-PAN-PRD&nbsp;busca es impedir que se instale otro \u201cnarcogobierno\u201d en Oaxaca.<\/p>\n\n\n\n<p>Se\u00f1al\u00f3 que al candidato de Morena para Oaxaca, Salom\u00f3n Jara Cruz, ha sido relacionado de mantener lazos con el cr\u00edmen organizado.<\/p>\n\n\n\n<p>Marko Cort\u00e9s, del PAN, no neg\u00f3 que est\u00e9n negociando con los dirigentes nacionales del PRI y del PRD para sumarse en alianza conjunta, pues ello podr\u00eda resultar ben\u00e9fico para Acci\u00f3n Nacional, siempre y cuando en Quintana Roo se privilegie a un candidato panista. <\/p>\n","protected":false},"excerpt":{"rendered":"<p>Redacci\u00f3n\/Zona Roja Cdmx.&nbsp; Ciudad de M\u00e9xico, 25 de Mayo de 2022.- Pese a las resistencias&hellip;<\/p>\n","protected":false},"author":2,"featured_media":41602,"comment_status":"closed","ping_status":"open","sticky":false,"template":"","format":"standard","meta":{"_lmt_disableupdate":"","_lmt_disable":"","_jetpack_memberships_contains_paid_content":false,"footnotes":""},"categories":[109,46],"tags":[],"class_list":["post-41604","post","type-post","status-publish","format-standard","has-post-thumbnail","hentry","category-minuto-a-minuto","category-zona-blanca"],"jetpack_featured_media_url":"https:\/\/zonaroja.com.mx\/wp-content\/uploads\/2022\/05\/img_3273.jpg","jetpack_sharing_enabled":true,"_links":{"self":[{"href":"https:\/\/zonaroja.com.mx\/index.php?rest_route=\/wp\/v2\/posts\/41604","targetHints":{"allow":["GET"]}}],"collection":[{"href":"https:\/\/zonaroja.com.mx\/index.php?rest_route=\/wp\/v2\/posts"}],"about":[{"href":"https:\/\/zonaroja.com.mx\/index.php?rest_route=\/wp\/v2\/types\/post"}],"author":[{"embeddable":true,"href":"https:\/\/zonaroja.com.mx\/index.php?rest_route=\/wp\/v2\/users\/2"}],"replies":[{"embeddable":true,"href":"https:\/\/zonaroja.com.mx\/index.php?rest_route=%2Fwp%2Fv2%2Fcomments&post=41604"}],"version-history":[{"count":1,"href":"https:\/\/zonaroja.com.mx\/index.php?rest_route=\/wp\/v2\/posts\/41604\/revisions"}],"predecessor-version":[{"id":41605,"href":"https:\/\/zonaroja.com.mx\/index.php?rest_route=\/wp\/v2\/posts\/41604\/revisions\/41605"}],"wp:featuredmedia":[{"embeddable":true,"href":"https:\/\/zonaroja.com.mx\/index.php?rest_route=\/wp\/v2\/media\/41602"}],"wp:attachment":[{"href":"https:\/\/zonaroja.com.mx\/index.php?rest_route=%2Fwp%2Fv2%2Fmedia&parent=41604"}],"wp:term":[{"taxonomy":"category","embeddable":true,"href":"https:\/\/zonaroja.com.mx\/index.php?rest_route=%2Fwp%2Fv2%2Fcategories&post=41604"},{"taxonomy":"post_tag","embeddable":true,"href":"https:\/\/zonaroja.com.mx\/index.php?rest_route=%2Fwp%2Fv2%2Ftags&post=41604"}],"curies":[{"name":"wp","href":"https:\/\/api.w.org\/{rel}","templated":true}]}}