{"id":41608,"date":"2022-05-25T15:28:20","date_gmt":"2022-05-25T20:28:20","guid":{"rendered":"http:\/\/www.zonaroja.com.mx\/?p=41608"},"modified":"2022-05-25T16:10:45","modified_gmt":"2022-05-25T21:10:45","slug":"se-acentua-fractura-en-la-seccion-22-enjuician-a-representantes-sindicales","status":"publish","type":"post","link":"https:\/\/zonaroja.com.mx\/?p=41608","title":{"rendered":"Se acent\u00faa fractura en la Secci\u00f3n 22; \u201cenjuician\u201d a representantes sindicales"},"content":{"rendered":"\n<p>Yuridiana Sosa\/Zona Roja.<\/p>\n\n\n\n<p>Oaxaca de Ju\u00e1rez, Oax., 25 de mayo de 2022.- Integrantes de la Secci\u00f3n 22 del Sindicato Nacional de Trabajadores de la Educaci\u00f3n (SNTE) se movilizaron en respaldo a representantes sindicales y sectores que son investigados por el Comit\u00e9 Ejecutivo que dirige Eloy L\u00f3pez, por emitir sin su autorizaci\u00f3n una convocatoria para un Congreso Nacional de la CNTE.<\/p>\n\n\n\n<p>A m\u00e1s de un a\u00f1o de los hechos, dirigentes regionales y sectoriales de la gremial fueron llamados a comparecer ante una Comisi\u00f3n que se nombr\u00f3 el 3 de julio de 2021 en una Asamblea Estatal, pues habr\u00edan violado principios rectores y poner en riesgo a los trabajadores de la educaci\u00f3n.<\/p>\n\n\n\n<p>Ante el hecho, decenas de docentes del Sector de Valles Centrales se reunieron en el z\u00f3calo de la capital oaxaque\u00f1a en apoyo al representante regional de Valles Centrales, Alfredo Aquino Juli\u00e1n; al representante regional de la Mixteca, Adri\u00e1n Morales Aguilar y a Wilbert Santiago Valdivieso, representante de la Comisi\u00f3n Pol\u00edtica, regi\u00f3n Istmo, quienes fueron los firmantes.<\/p>\n\n\n\n<p>Pero tambi\u00e9n en respaldo a 37 sectoriales y siete regionales, en total, que fueron parte del impulso y organizaci\u00f3n para asistir al XIV Congreso Nacional Ordinario de la CNTE, realizado en Tuxtla Guti\u00e9rrez, Chiapas el 13, 14 y 15 de mayo de 2021.<\/p>\n\n\n\n<figure class=\"wp-block-embed is-type-rich is-provider-twitter wp-block-embed-twitter\"><div class=\"wp-block-embed__wrapper\">\n<div class=\"twitter-tweet\"><blockquote class=\"twitter-tweet\" data-lang=\"es\"><p lang=\"es\" dir=\"ltr\">2. El representante de la regi\u00f3n Valles Centrales de la Secci\u00f3n 22 del SNTE, Alfredo Aquino Juli\u00e1n, explica los motivos de la movilizaci\u00f3n. Escuche: <a href=\"https:\/\/t.co\/Tm8Cjc19SX\">pic.twitter.com\/Tm8Cjc19SX<\/a><\/p>&mdash; Zona Roja Oaxaca (@ZonaRoja_Oaxaca) <a href=\"https:\/\/twitter.com\/ZonaRoja_Oaxaca\/status\/1529497308697600000?ref_src=twsrc%5Etfw\">25 de mayo de 2022<\/a><\/blockquote><\/div>\n<\/div><\/figure>\n\n\n\n<p>Aquino Juli\u00e1n, quien fue convocado a comparecer, apunt\u00f3 que como dirigentes y trabajadores adheridos a la Coordinadora Nacional de Trabajadores de la Educaci\u00f3n (CNTE) deb\u00edan acatar al acuerdo nacional, lo cual no realiz\u00f3 la dirigencia principal de la Secci\u00f3n 22.<\/p>\n\n\n\n<p>ANTECEDENTE<\/p>\n\n\n\n<p>El 9 de mayo de 2021 representantes sindicales emitieron la convocatoria para el XIV Congreso Nacional Ordinario de la CNTE, en la que tambi\u00e9n expresaron la omisi\u00f3n del Comit\u00e9 Ejecutivo que encabeza Eloy L\u00f3pez Hern\u00e1ndez.<\/p>\n\n\n\n<p>Desde ese entonces la fractura en la Secci\u00f3n 22 del SNTE fue evidente, pues de la misma forma la Uni\u00f3n de Trabajadores de la Educaci\u00f3n (UTE) y el Frente Popular Revolucionario manifestaron su exigencia para el relevo sindical, que debi\u00f3 darse desde enero de 2021.<\/p>\n\n\n\n<p>Los movimientos magisteriales reclamaron la actitud agazapada del secretario general de la Secci\u00f3n 22, quien adem\u00e1s, excusado en la pandemia evit\u00f3 convocatoria para el proceso de elecciones, as\u00ed como para movilizaciones importantes para el gremio.&nbsp;<\/p>\n","protected":false},"excerpt":{"rendered":"<p>Yuridiana Sosa\/Zona Roja. Oaxaca de Ju\u00e1rez, Oax., 25 de mayo de 2022.- Integrantes de la&hellip;<\/p>\n","protected":false},"author":2,"featured_media":41612,"comment_status":"closed","ping_status":"open","sticky":false,"template":"","format":"standard","meta":{"_lmt_disableupdate":"","_lmt_disable":"","_jetpack_memberships_contains_paid_content":false,"footnotes":""},"categories":[1],"tags":[],"class_list":["post-41608","post","type-post","status-publish","format-standard","has-post-thumbnail","hentry","category-sin-categoria"],"jetpack_featured_media_url":"https:\/\/zonaroja.com.mx\/wp-content\/uploads\/2022\/05\/3e254520-952a-449b-8905-3db1fdb595a4.jpg","jetpack_sharing_enabled":true,"_links":{"self":[{"href":"https:\/\/zonaroja.com.mx\/index.php?rest_route=\/wp\/v2\/posts\/41608","targetHints":{"allow":["GET"]}}],"collection":[{"href":"https:\/\/zonaroja.com.mx\/index.php?rest_route=\/wp\/v2\/posts"}],"about":[{"href":"https:\/\/zonaroja.com.mx\/index.php?rest_route=\/wp\/v2\/types\/post"}],"author":[{"embeddable":true,"href":"https:\/\/zonaroja.com.mx\/index.php?rest_route=\/wp\/v2\/users\/2"}],"replies":[{"embeddable":true,"href":"https:\/\/zonaroja.com.mx\/index.php?rest_route=%2Fwp%2Fv2%2Fcomments&post=41608"}],"version-history":[{"count":1,"href":"https:\/\/zonaroja.com.mx\/index.php?rest_route=\/wp\/v2\/posts\/41608\/revisions"}],"predecessor-version":[{"id":41609,"href":"https:\/\/zonaroja.com.mx\/index.php?rest_route=\/wp\/v2\/posts\/41608\/revisions\/41609"}],"wp:featuredmedia":[{"embeddable":true,"href":"https:\/\/zonaroja.com.mx\/index.php?rest_route=\/wp\/v2\/media\/41612"}],"wp:attachment":[{"href":"https:\/\/zonaroja.com.mx\/index.php?rest_route=%2Fwp%2Fv2%2Fmedia&parent=41608"}],"wp:term":[{"taxonomy":"category","embeddable":true,"href":"https:\/\/zonaroja.com.mx\/index.php?rest_route=%2Fwp%2Fv2%2Fcategories&post=41608"},{"taxonomy":"post_tag","embeddable":true,"href":"https:\/\/zonaroja.com.mx\/index.php?rest_route=%2Fwp%2Fv2%2Ftags&post=41608"}],"curies":[{"name":"wp","href":"https:\/\/api.w.org\/{rel}","templated":true}]}}