{"id":41613,"date":"2022-05-25T20:35:51","date_gmt":"2022-05-26T01:35:51","guid":{"rendered":"http:\/\/www.zonaroja.com.mx\/?p=41613"},"modified":"2022-05-25T20:35:53","modified_gmt":"2022-05-26T01:35:53","slug":"se-incendia-vivienda-en-huatulco-y-muere-menor-de-edad","status":"publish","type":"post","link":"https:\/\/zonaroja.com.mx\/?p=41613","title":{"rendered":"Se incendia vivienda en Huatulco y muere menor de edad"},"content":{"rendered":"\n<p>Redacci\u00f3n\/Zona Roja. Foto: Especial<\/p>\n\n\n\n<p>Oaxaca de Ju\u00e1rez, Oax., 25 de mayo de 2022.- Una menor de edad perdi\u00f3 la vida este mi\u00e9rcoles en Santa Cruz Huatulco, Oaxaca, debido a fuertes quemaduras que sufri\u00f3 en diversas partes del cuerpo, tras incendiarse su vivienda.<\/p>\n\n\n\n<p>Los hechos ocurrieron en una casa sencilla ubicada en el Sector U2, junto a una tortiller\u00eda, en que al parecer una vela encendida origin\u00f3 el incendio de un colch\u00f3n donde se encontraba la peque\u00f1a.<\/p>\n\n\n\n<p>El fuego se extendi\u00f3 r\u00e1pidamente y tras lo cual arribaron vecinos, que lograron rescatar a la peque\u00f1a de tres a\u00f1os de edad, que fue trasladada a un hospital, donde posteriormente muri\u00f3.<\/p>\n\n\n\n<p>De acuerdo con los primeros datos, la menor de edad se encontraba en ese momento sola, debido a que su mam\u00e1 sali\u00f3 a trabajar temprano para ganar el sustento diario y dej\u00f3 prendida una vela, que al derretirse alcanz\u00f3 el colch\u00f3n.<\/p>\n","protected":false},"excerpt":{"rendered":"<p>Redacci\u00f3n\/Zona Roja. Foto: Especial Oaxaca de Ju\u00e1rez, Oax., 25 de mayo de 2022.- Una menor&hellip;<\/p>\n","protected":false},"author":2,"featured_media":41614,"comment_status":"closed","ping_status":"open","sticky":false,"template":"","format":"standard","meta":{"_lmt_disableupdate":"","_lmt_disable":"","_jetpack_memberships_contains_paid_content":false,"footnotes":""},"categories":[109,47],"tags":[1337],"class_list":["post-41613","post","type-post","status-publish","format-standard","has-post-thumbnail","hentry","category-minuto-a-minuto","category-zona-gris","tag-santa-maria-huatulco"],"jetpack_featured_media_url":"https:\/\/zonaroja.com.mx\/wp-content\/uploads\/2022\/05\/Incendio-vivienda-Huatulco.jpg","jetpack_sharing_enabled":true,"_links":{"self":[{"href":"https:\/\/zonaroja.com.mx\/index.php?rest_route=\/wp\/v2\/posts\/41613","targetHints":{"allow":["GET"]}}],"collection":[{"href":"https:\/\/zonaroja.com.mx\/index.php?rest_route=\/wp\/v2\/posts"}],"about":[{"href":"https:\/\/zonaroja.com.mx\/index.php?rest_route=\/wp\/v2\/types\/post"}],"author":[{"embeddable":true,"href":"https:\/\/zonaroja.com.mx\/index.php?rest_route=\/wp\/v2\/users\/2"}],"replies":[{"embeddable":true,"href":"https:\/\/zonaroja.com.mx\/index.php?rest_route=%2Fwp%2Fv2%2Fcomments&post=41613"}],"version-history":[{"count":1,"href":"https:\/\/zonaroja.com.mx\/index.php?rest_route=\/wp\/v2\/posts\/41613\/revisions"}],"predecessor-version":[{"id":41615,"href":"https:\/\/zonaroja.com.mx\/index.php?rest_route=\/wp\/v2\/posts\/41613\/revisions\/41615"}],"wp:featuredmedia":[{"embeddable":true,"href":"https:\/\/zonaroja.com.mx\/index.php?rest_route=\/wp\/v2\/media\/41614"}],"wp:attachment":[{"href":"https:\/\/zonaroja.com.mx\/index.php?rest_route=%2Fwp%2Fv2%2Fmedia&parent=41613"}],"wp:term":[{"taxonomy":"category","embeddable":true,"href":"https:\/\/zonaroja.com.mx\/index.php?rest_route=%2Fwp%2Fv2%2Fcategories&post=41613"},{"taxonomy":"post_tag","embeddable":true,"href":"https:\/\/zonaroja.com.mx\/index.php?rest_route=%2Fwp%2Fv2%2Ftags&post=41613"}],"curies":[{"name":"wp","href":"https:\/\/api.w.org\/{rel}","templated":true}]}}