{"id":41616,"date":"2022-05-25T22:00:32","date_gmt":"2022-05-26T03:00:32","guid":{"rendered":"http:\/\/www.zonaroja.com.mx\/?p=41616"},"modified":"2022-05-25T22:00:34","modified_gmt":"2022-05-26T03:00:34","slug":"registra-el-miercoles-tres-crimenes-en-oaxaca-entre-ellos-el-de-una-mujer","status":"publish","type":"post","link":"https:\/\/zonaroja.com.mx\/?p=41616","title":{"rendered":"Registra el mi\u00e9rcoles tres cr\u00edmenes en Oaxaca, entre ellos el de una mujer"},"content":{"rendered":"\n<p>Ismael Garc\u00eda M.\/Zona Roja.<\/p>\n\n\n\n<p>Oaxaca de Ju\u00e1rez, Oax., 25 de mayo de 2022.- Al menos tres personas fueron asesinadas este mi\u00e9rcoles, en las regiones Istmo de Tehuantepec y Costa, del estado de Oaxaca.<\/p>\n\n\n\n<p>Esta noche, sobre la avenida Independencia, en pleno centro de Juchit\u00e1n de Zaragoza, fueron ultimados a balazos un hombre y una mujer, mientras que una menor de dos a\u00f1os de edad result\u00f3 ilesa.<\/p>\n\n\n\n<p>Hasta el momento las v\u00edctimas no han sido identificadas; pese a las cercan\u00edas con el palacio municipal y el m\u00f3dulo policiaco, nos uniformados locales no se dieron cuenta a tiempo del doble crimen.<\/p>\n\n\n\n<p>Previo a ello, durante la ma\u00f1ana de hoy, otro individuo fue atacado a balazos, en la calle Vicente Guerrero de la colonia M\u00e1rtires 31 de Julio de Juchit\u00e1n; el hombre fue atendido por param\u00e9dicos del Heroico Cuerpo de Bomberos y trasladado a un hospital, donde lo reportan delicado de salud.<\/p>\n\n\n\n<p>Por otra parte, en el municipio de Santa Catarina Juquila, en la regi\u00f3n Costa, fue asesinado por disparos de arma de fuego un individuo, identificado de manera preliminar como Alfonso Jim\u00e9nez Garc\u00eda, de 28 a\u00f1os de edad.<\/p>\n\n\n\n<p>Fue ejecutado en una calle de la colonia 3 de Mayo y le dejaron una cartulina con un presunto \u00abnarcomensaje\u00bb.<\/p>\n","protected":false},"excerpt":{"rendered":"<p>Ismael Garc\u00eda M.\/Zona Roja. Oaxaca de Ju\u00e1rez, Oax., 25 de mayo de 2022.- Al menos&hellip;<\/p>\n","protected":false},"author":2,"featured_media":41617,"comment_status":"closed","ping_status":"open","sticky":false,"template":"","format":"standard","meta":{"_lmt_disableupdate":"","_lmt_disable":"","_jetpack_memberships_contains_paid_content":false,"footnotes":""},"categories":[109,51],"tags":[123],"class_list":["post-41616","post","type-post","status-publish","format-standard","has-post-thumbnail","hentry","category-minuto-a-minuto","category-zona-roja","tag-juchitan-de-zaragoza"],"jetpack_featured_media_url":"https:\/\/zonaroja.com.mx\/wp-content\/uploads\/2022\/05\/Asesinados-pareja-Juchitan.jpg","jetpack_sharing_enabled":true,"_links":{"self":[{"href":"https:\/\/zonaroja.com.mx\/index.php?rest_route=\/wp\/v2\/posts\/41616","targetHints":{"allow":["GET"]}}],"collection":[{"href":"https:\/\/zonaroja.com.mx\/index.php?rest_route=\/wp\/v2\/posts"}],"about":[{"href":"https:\/\/zonaroja.com.mx\/index.php?rest_route=\/wp\/v2\/types\/post"}],"author":[{"embeddable":true,"href":"https:\/\/zonaroja.com.mx\/index.php?rest_route=\/wp\/v2\/users\/2"}],"replies":[{"embeddable":true,"href":"https:\/\/zonaroja.com.mx\/index.php?rest_route=%2Fwp%2Fv2%2Fcomments&post=41616"}],"version-history":[{"count":1,"href":"https:\/\/zonaroja.com.mx\/index.php?rest_route=\/wp\/v2\/posts\/41616\/revisions"}],"predecessor-version":[{"id":41618,"href":"https:\/\/zonaroja.com.mx\/index.php?rest_route=\/wp\/v2\/posts\/41616\/revisions\/41618"}],"wp:featuredmedia":[{"embeddable":true,"href":"https:\/\/zonaroja.com.mx\/index.php?rest_route=\/wp\/v2\/media\/41617"}],"wp:attachment":[{"href":"https:\/\/zonaroja.com.mx\/index.php?rest_route=%2Fwp%2Fv2%2Fmedia&parent=41616"}],"wp:term":[{"taxonomy":"category","embeddable":true,"href":"https:\/\/zonaroja.com.mx\/index.php?rest_route=%2Fwp%2Fv2%2Fcategories&post=41616"},{"taxonomy":"post_tag","embeddable":true,"href":"https:\/\/zonaroja.com.mx\/index.php?rest_route=%2Fwp%2Fv2%2Ftags&post=41616"}],"curies":[{"name":"wp","href":"https:\/\/api.w.org\/{rel}","templated":true}]}}