{"id":41619,"date":"2022-05-25T22:20:37","date_gmt":"2022-05-26T03:20:37","guid":{"rendered":"http:\/\/www.zonaroja.com.mx\/?p=41619"},"modified":"2022-05-25T22:20:38","modified_gmt":"2022-05-26T03:20:38","slug":"pide-jara-a-oaxaquenos-votar-por-mejor-atencion-a-la-salud-seguridad-y-cultura","status":"publish","type":"post","link":"https:\/\/zonaroja.com.mx\/?p=41619","title":{"rendered":"Pide Jara a oaxaque\u00f1os votar por mejor atenci\u00f3n a la salud, seguridad y cultura"},"content":{"rendered":"\n<p>Redacci\u00f3n\/Zona Roja.<\/p>\n\n\n\n<p>Oaxaca de Ju\u00e1rez, Oax., 25 de mayo de 2022.- Salom\u00f3n Jara Cruz, candidato a la gubernatura por la coalici\u00f3n \u201cJuntos Hacemos Historia en Oaxaca\u201d, solicit\u00f3 al electorado emitir su voto a favor de la 4T, para lograr la llegada de un gobierno que canalice sus esfuerzos en atender demandas ciudadanas como la seguridad y la salud.<\/p>\n\n\n\n<p>Al recorrer los municipios de Huajuapan de Le\u00f3n, Santiago Juxtlahuaca y Putla Villa de Guerrero, en la regi\u00f3n Mixteca, tambi\u00e9n pidi\u00f3 el sufragio ciudadano para garantizar el impulso a la cultura y las tradiciones que forman parte esencial en la vida de los pueblos y comunidades.<\/p>\n\n\n\n<p>Acompa\u00f1ado de Citllalli Hern\u00e1ndez Mora, secretaria General del Comit\u00e9 Ejecutivo Nacional de Morena, Salom\u00f3n Jara inform\u00f3 que, despu\u00e9s del d\u00eda 5 de junio, el gobierno de la esperanza atender\u00e1 el hospital de Huajuapan de Le\u00f3n que ha sido abandonado y en tres ocasiones le han colocado la primera piedra.<\/p>\n\n\n\n<figure class=\"wp-block-embed is-type-rich is-provider-twitter wp-block-embed-twitter\"><div class=\"wp-block-embed__wrapper\">\n<div class=\"twitter-tweet\"><blockquote class=\"twitter-tweet\" data-lang=\"es\"><p lang=\"es\" dir=\"ltr\"><a href=\"https:\/\/twitter.com\/hashtag\/EleccionesOaxaca2022?src=hash&amp;ref_src=twsrc%5Etfw\">#EleccionesOaxaca2022<\/a><br>Desde la Mixteca y en el marco del <a href=\"https:\/\/twitter.com\/hashtag\/D%C3%ADaNaranja?src=hash&amp;ref_src=twsrc%5Etfw\">#D\u00edaNaranja<\/a>, el candidato a gobernador <a href=\"https:\/\/twitter.com\/salomonj?ref_src=twsrc%5Etfw\">@salomonj<\/a>, refrend\u00f3 su compromiso por eliminar toda forma de violencia contras las ni\u00f1as, adolescentes y mujeres.<br>En Huajuapan lo acompa\u00f1a <a href=\"https:\/\/twitter.com\/CitlaHM?ref_src=twsrc%5Etfw\">@CitlaHM<\/a>. <a href=\"https:\/\/t.co\/FwV5Ct3huG\">pic.twitter.com\/FwV5Ct3huG<\/a><\/p>&mdash; Zona Roja Oaxaca (@ZonaRoja_Oaxaca) <a href=\"https:\/\/twitter.com\/ZonaRoja_Oaxaca\/status\/1529568619004407808?ref_src=twsrc%5Etfw\">25 de mayo de 2022<\/a><\/blockquote><\/div>\n<\/div><\/figure>\n\n\n\n<p>\u201cAhora s\u00ed se va a terminar ese hospital, tambi\u00e9n se procurar\u00e1 que cuente con el personal m\u00e9dico suficiente y medicamentos en este y todas las unidades m\u00e9dicas de la entidad\u201d, se\u00f1al\u00f3.&nbsp;<\/p>\n\n\n\n<p>Ante el miedo y la incertidumbre en la cual viven constantemente los pueblos, detall\u00f3 que reforzar\u00e1n los l\u00edmites entre el Estado de Puebla y Oaxaca, para que exista la seguridad que reclaman las comunidades.&nbsp;<\/p>\n\n\n\n<p>Explic\u00f3 que su plan de gobierno contempla la colocaci\u00f3n de m\u00e1s c\u00e1maras de videovigilancia, la profesionalizaci\u00f3n de la polic\u00eda y la ampliaci\u00f3n de la mesa de seguridad en las regiones de la entidad.&nbsp;<\/p>\n\n\n\n<p>El abanderado de los Partidos Morena, PT, PUP y Verde Ecologista tambi\u00e9n precis\u00f3 que, a diferencia de los malos gobiernos que abandonaron la cultura, el gobierno de la esperanza fortalecer\u00e1 las expresiones culturales, art\u00edsticas y artesanales.<\/p>\n","protected":false},"excerpt":{"rendered":"<p>Redacci\u00f3n\/Zona Roja. Oaxaca de Ju\u00e1rez, Oax., 25 de mayo de 2022.- Salom\u00f3n Jara Cruz, candidato&hellip;<\/p>\n","protected":false},"author":2,"featured_media":41620,"comment_status":"closed","ping_status":"open","sticky":false,"template":"","format":"standard","meta":{"_lmt_disableupdate":"","_lmt_disable":"","_jetpack_memberships_contains_paid_content":false,"footnotes":""},"categories":[109,46],"tags":[939],"class_list":["post-41619","post","type-post","status-publish","format-standard","has-post-thumbnail","hentry","category-minuto-a-minuto","category-zona-blanca","tag-salomon-jara-cruz"],"jetpack_featured_media_url":"https:\/\/zonaroja.com.mx\/wp-content\/uploads\/2022\/05\/Salomon-Jara-y-Citlalli-Hernandez.jpeg","jetpack_sharing_enabled":true,"_links":{"self":[{"href":"https:\/\/zonaroja.com.mx\/index.php?rest_route=\/wp\/v2\/posts\/41619","targetHints":{"allow":["GET"]}}],"collection":[{"href":"https:\/\/zonaroja.com.mx\/index.php?rest_route=\/wp\/v2\/posts"}],"about":[{"href":"https:\/\/zonaroja.com.mx\/index.php?rest_route=\/wp\/v2\/types\/post"}],"author":[{"embeddable":true,"href":"https:\/\/zonaroja.com.mx\/index.php?rest_route=\/wp\/v2\/users\/2"}],"replies":[{"embeddable":true,"href":"https:\/\/zonaroja.com.mx\/index.php?rest_route=%2Fwp%2Fv2%2Fcomments&post=41619"}],"version-history":[{"count":1,"href":"https:\/\/zonaroja.com.mx\/index.php?rest_route=\/wp\/v2\/posts\/41619\/revisions"}],"predecessor-version":[{"id":41621,"href":"https:\/\/zonaroja.com.mx\/index.php?rest_route=\/wp\/v2\/posts\/41619\/revisions\/41621"}],"wp:featuredmedia":[{"embeddable":true,"href":"https:\/\/zonaroja.com.mx\/index.php?rest_route=\/wp\/v2\/media\/41620"}],"wp:attachment":[{"href":"https:\/\/zonaroja.com.mx\/index.php?rest_route=%2Fwp%2Fv2%2Fmedia&parent=41619"}],"wp:term":[{"taxonomy":"category","embeddable":true,"href":"https:\/\/zonaroja.com.mx\/index.php?rest_route=%2Fwp%2Fv2%2Fcategories&post=41619"},{"taxonomy":"post_tag","embeddable":true,"href":"https:\/\/zonaroja.com.mx\/index.php?rest_route=%2Fwp%2Fv2%2Ftags&post=41619"}],"curies":[{"name":"wp","href":"https:\/\/api.w.org\/{rel}","templated":true}]}}