{"id":41628,"date":"2022-05-26T07:51:02","date_gmt":"2022-05-26T12:51:02","guid":{"rendered":"http:\/\/www.zonaroja.com.mx\/?p=41628"},"modified":"2022-05-26T07:51:03","modified_gmt":"2022-05-26T12:51:03","slug":"habra-justicia-e-igualdad-en-oaxaca-garantiza-alejandro-aviles","status":"publish","type":"post","link":"https:\/\/zonaroja.com.mx\/?p=41628","title":{"rendered":"Habr\u00e1 justicia e igualdad en Oaxaca, garantiza Alejandro Avil\u00e9s"},"content":{"rendered":"\n<p>Redacci\u00f3n\/Zona Roja.<\/p>\n\n\n\n<p>Oaxaca de Ju\u00e1rez, Oax., 26 de mayo de 2022.- Acompa\u00f1ado de la militancia perredista y priista de la regi\u00f3n coste\u00f1a, el candidato del PRI-PRD a la gubernatura de Oaxaca, Alejandro Avil\u00e9s \u00c1lvarez, enfatiz\u00f3 que en el pr\u00f3ximo sexenio, los pueblos ind\u00edgenas nunca m\u00e1s estar\u00e1n solos, porque contar\u00e1n con un gobernador cercano a sus necesidades y que caminar\u00e1 por sus calles y comunidades para brindar respuesta a sus planteamientos.&nbsp;<\/p>\n\n\n\n<p>\u201cQuiero decirles que estoy trabajando y me estoy esforzando todos los d\u00edas de esta campa\u00f1a, para que a las familias y los pueblos que m\u00e1s necesitan y que menos tienen, no les falte nada durante los pr\u00f3ximos seis a\u00f1os en los que vamos a gobernar el estado de la mano de todos ustedes; porque vamos a ganar y cumpliremos nuestro sue\u00f1o de consolidar un Oaxaca pr\u00f3spero\u201d, expres\u00f3.&nbsp;<\/p>\n\n\n\n<p>Ante la secretaria general a nivel nacional del PRD, Adriana D\u00edaz, as\u00ed como el dirigente estatal del PRD, Tom\u00e1s Basald\u00fa, el \u201cTriple A\u201d sostuvo que todas las y los oaxaque\u00f1os ser\u00e1n tratados con igualdad y tendr\u00e1n en la administraci\u00f3n estatal a un aliado, que garantizar\u00e1 sus derechos y brindar\u00e1 oportunidades sociales para salir de la marginaci\u00f3n y pobreza.&nbsp;<\/p>\n\n\n\n<p>\u201cEn el pr\u00f3ximo gobierno van a tener uniformes y \u00fatiles escolares gratis, un apoyo alimentario mensual, las jefas de familia van a tener derecho a consultas m\u00e9dicas hasta la puerta de su casa y a los adultos mayores les har\u00e1n ex\u00e1menes para cuidar su salud totalmente gratuitos\u201d, detall\u00f3.<\/p>\n\n\n\n<p>Al recorrer los municipios de Pinotepa de Don Luis, San Pedro Jicay\u00e1n y San Pedro Amuzgos, Alejandro Avil\u00e9s expuso que durante su mandato, se acabar\u00e1n las injusticias y habr\u00e1 condiciones para que las familias oaxaque\u00f1as tengan prosperidad y desarrollo.&nbsp;<\/p>\n\n\n\n<p>\u201cYo soy un hombre que se forj\u00f3 desde abajo, soy hijo de padres campesinos, por eso yo s\u00e9 lo que sufren y entiendo todas las necesidades que padecen. S\u00e9 lo que requieren en el campo, s\u00e9 lo que sienten las jefas de familia cuando no tienen para comprar una despensa, cuando no pueden comprar un par de zapatos para sus hijos y no pueden comprar \u00fatiles escolares, pero todo eso se terminar\u00e1 a partir del pr\u00f3ximo gobierno\u201d, recalc\u00f3.<\/p>\n\n\n\n<p>En un mismo sentir, hombres y mujeres coste\u00f1os coincidieron que Alejandro Avil\u00e9s, es el \u00fanico candidato que ha presentado propuestas significativas que dar\u00e1n atenci\u00f3n integral a los planteamientos sociales que aquejan a las localidades de la regi\u00f3n.<\/p>\n","protected":false},"excerpt":{"rendered":"<p>Redacci\u00f3n\/Zona Roja. Oaxaca de Ju\u00e1rez, Oax., 26 de mayo de 2022.- Acompa\u00f1ado de la militancia&hellip;<\/p>\n","protected":false},"author":2,"featured_media":41629,"comment_status":"closed","ping_status":"open","sticky":false,"template":"","format":"standard","meta":{"_lmt_disableupdate":"","_lmt_disable":"","_jetpack_memberships_contains_paid_content":false,"footnotes":""},"categories":[109,46],"tags":[316],"class_list":["post-41628","post","type-post","status-publish","format-standard","has-post-thumbnail","hentry","category-minuto-a-minuto","category-zona-blanca","tag-alejandro-aviles-alvarez"],"jetpack_featured_media_url":"https:\/\/zonaroja.com.mx\/wp-content\/uploads\/2022\/05\/Alejandro-Aviles-Costa-1.jpg","jetpack_sharing_enabled":true,"_links":{"self":[{"href":"https:\/\/zonaroja.com.mx\/index.php?rest_route=\/wp\/v2\/posts\/41628","targetHints":{"allow":["GET"]}}],"collection":[{"href":"https:\/\/zonaroja.com.mx\/index.php?rest_route=\/wp\/v2\/posts"}],"about":[{"href":"https:\/\/zonaroja.com.mx\/index.php?rest_route=\/wp\/v2\/types\/post"}],"author":[{"embeddable":true,"href":"https:\/\/zonaroja.com.mx\/index.php?rest_route=\/wp\/v2\/users\/2"}],"replies":[{"embeddable":true,"href":"https:\/\/zonaroja.com.mx\/index.php?rest_route=%2Fwp%2Fv2%2Fcomments&post=41628"}],"version-history":[{"count":1,"href":"https:\/\/zonaroja.com.mx\/index.php?rest_route=\/wp\/v2\/posts\/41628\/revisions"}],"predecessor-version":[{"id":41630,"href":"https:\/\/zonaroja.com.mx\/index.php?rest_route=\/wp\/v2\/posts\/41628\/revisions\/41630"}],"wp:featuredmedia":[{"embeddable":true,"href":"https:\/\/zonaroja.com.mx\/index.php?rest_route=\/wp\/v2\/media\/41629"}],"wp:attachment":[{"href":"https:\/\/zonaroja.com.mx\/index.php?rest_route=%2Fwp%2Fv2%2Fmedia&parent=41628"}],"wp:term":[{"taxonomy":"category","embeddable":true,"href":"https:\/\/zonaroja.com.mx\/index.php?rest_route=%2Fwp%2Fv2%2Fcategories&post=41628"},{"taxonomy":"post_tag","embeddable":true,"href":"https:\/\/zonaroja.com.mx\/index.php?rest_route=%2Fwp%2Fv2%2Ftags&post=41628"}],"curies":[{"name":"wp","href":"https:\/\/api.w.org\/{rel}","templated":true}]}}