{"id":4163,"date":"2019-09-21T13:11:00","date_gmt":"2019-09-21T18:11:00","guid":{"rendered":"http:\/\/www.zonaroja.com.mx\/?p=4163"},"modified":"2019-09-21T13:11:03","modified_gmt":"2019-09-21T18:11:03","slug":"estiman-que-en-oaxaca-hay-168-mil-535-menores-en-situacion-de-trabajo-infantil","status":"publish","type":"post","link":"https:\/\/zonaroja.com.mx\/?p=4163","title":{"rendered":"Estiman que en Oaxaca hay 168 mil 535 menores en situaci\u00f3n de trabajo infantil"},"content":{"rendered":"\n<p>Evlin Arag\u00f3n\/Zona\nRoja.<\/p>\n\n\n\n<p>Oaxaca de\nJu\u00e1rez, Oax., 21 de septiembre de 2019.- La 64 Legislatura local aprob\u00f3 el\nexhorto al titular del Poder Ejecutivo, Alejandro Murat, para que a la brevedad\nse instale la Comisi\u00f3n Interinstitucional para la Prevenci\u00f3n y Erradicaci\u00f3n del\nTrabajo Infantil y la Protecci\u00f3n de Adolescentes Trabajadores en edad permitida\nen el estado de Oaxaca. <\/p>\n\n\n\n<p>Lo anterior con\nel objetivo de dise\u00f1ar e implementar pol\u00edticas p\u00fablicas, estrategias y acciones\na favor de la prevenci\u00f3n y erradicaci\u00f3n del trabajo infantil, as\u00ed como sus\npeores formas de explotaci\u00f3n en el estado de Oaxaca.<\/p>\n\n\n\n<p>El documento\nque fue aprobado el pasado mi\u00e9rcoles como urgente y obvia resoluci\u00f3n con 23\nvotos a favor, estima que Oaxaca hay alrededor de 168 mil 535 ni\u00f1as, ni\u00f1os y\nadolescentes en situaci\u00f3n de trabajo infantil, cifra con la cual la entidad\nocupa el sexto lugar a nivel nacional con mayor n\u00famero de poblaci\u00f3n infantil\nocupada. <\/p>\n\n\n\n<p>El 54 por\nciento de las ni\u00f1as, ni\u00f1os y adolescente en la entidad se dedican a actividades\ndel sector primario como la agricultura, ganader\u00eda, pesca y miner\u00eda; seguida de\nactividades como el turismo, comercio y transporte; y finalmente a la industria\ny construcci\u00f3n.<\/p>\n\n\n\n<p>La principal\nraz\u00f3n que conduce a la poblaci\u00f3n infantil a trabajar es la falta de recursos\necon\u00f3micos, situaci\u00f3n que en la mayor parte de los casos trae como consecuencia\ndeserci\u00f3n escolar o rezago educativo, poniendo en riesgo su derecho a la\neducaci\u00f3n. <\/p>\n\n\n\n<p>Con la\naprobaci\u00f3n del exhorto,&nbsp; las y los\nlegisladores coincidieron en la necesidad de implementar acciones para la\natenci\u00f3n, prevenci\u00f3n y erradicaci\u00f3n del trabajo infantil en Oaxaca que incluyan\nel trabajo interinstitucional e intersectorial, as\u00ed como la actualizaci\u00f3n de\nprocedimientos y protocolos para la identificaci\u00f3n, atenci\u00f3n y restituci\u00f3n de\nlos derechos de las ni\u00f1as, ni\u00f1os y adolescentes en situaci\u00f3n de trabajo\ninfantil. <\/p>\n\n\n\n<p>Por lo que\ninsistieron en la instalaci\u00f3n de la Comisi\u00f3n para la Prevenci\u00f3n y Erradicaci\u00f3n\ndel Trabajo Infantil, cuya publicaci\u00f3n en el Peri\u00f3dico Oficial del Gobierno fue\nel 7 de marzo pasado, sin embargo, el gobierno estatal no ha mostrado inter\u00e9s\nal respecto. <\/p>\n\n\n\n<p>\u00abLa\nni\u00f1ez oaxaque\u00f1a requiere de atenci\u00f3n y de acciones que abonen a su inter\u00e9s\nsuperior y pleno disfrute de la etapa infantil\u00bb, cita el documento avalado\neste mi\u00e9rcoles en la sesi\u00f3n ordinaria del Congreso local.<\/p>\n","protected":false},"excerpt":{"rendered":"<p>Evlin Arag\u00f3n\/Zona Roja. Oaxaca de Ju\u00e1rez, Oax., 21 de septiembre de 2019.- La 64 Legislatura&hellip;<\/p>\n","protected":false},"author":2,"featured_media":4164,"comment_status":"closed","ping_status":"open","sticky":false,"template":"","format":"standard","meta":{"_lmt_disableupdate":"","_lmt_disable":"","_jetpack_memberships_contains_paid_content":false,"footnotes":""},"categories":[109,47],"tags":[744],"class_list":["post-4163","post","type-post","status-publish","format-standard","has-post-thumbnail","hentry","category-minuto-a-minuto","category-zona-gris","tag-trabajo-infantil-oaxaca"],"jetpack_featured_media_url":"https:\/\/zonaroja.com.mx\/wp-content\/uploads\/2019\/09\/Image-1-3.jpg","jetpack_sharing_enabled":true,"_links":{"self":[{"href":"https:\/\/zonaroja.com.mx\/index.php?rest_route=\/wp\/v2\/posts\/4163","targetHints":{"allow":["GET"]}}],"collection":[{"href":"https:\/\/zonaroja.com.mx\/index.php?rest_route=\/wp\/v2\/posts"}],"about":[{"href":"https:\/\/zonaroja.com.mx\/index.php?rest_route=\/wp\/v2\/types\/post"}],"author":[{"embeddable":true,"href":"https:\/\/zonaroja.com.mx\/index.php?rest_route=\/wp\/v2\/users\/2"}],"replies":[{"embeddable":true,"href":"https:\/\/zonaroja.com.mx\/index.php?rest_route=%2Fwp%2Fv2%2Fcomments&post=4163"}],"version-history":[{"count":1,"href":"https:\/\/zonaroja.com.mx\/index.php?rest_route=\/wp\/v2\/posts\/4163\/revisions"}],"predecessor-version":[{"id":4165,"href":"https:\/\/zonaroja.com.mx\/index.php?rest_route=\/wp\/v2\/posts\/4163\/revisions\/4165"}],"wp:featuredmedia":[{"embeddable":true,"href":"https:\/\/zonaroja.com.mx\/index.php?rest_route=\/wp\/v2\/media\/4164"}],"wp:attachment":[{"href":"https:\/\/zonaroja.com.mx\/index.php?rest_route=%2Fwp%2Fv2%2Fmedia&parent=4163"}],"wp:term":[{"taxonomy":"category","embeddable":true,"href":"https:\/\/zonaroja.com.mx\/index.php?rest_route=%2Fwp%2Fv2%2Fcategories&post=4163"},{"taxonomy":"post_tag","embeddable":true,"href":"https:\/\/zonaroja.com.mx\/index.php?rest_route=%2Fwp%2Fv2%2Ftags&post=4163"}],"curies":[{"name":"wp","href":"https:\/\/api.w.org\/{rel}","templated":true}]}}