{"id":41633,"date":"2022-05-26T08:18:06","date_gmt":"2022-05-26T13:18:06","guid":{"rendered":"http:\/\/www.zonaroja.com.mx\/?p=41633"},"modified":"2022-05-26T08:18:07","modified_gmt":"2022-05-26T13:18:07","slug":"confirma-teeo-acuerdo-del-ieepco-sobre-negativa-de-reprogramar-debate","status":"publish","type":"post","link":"https:\/\/zonaroja.com.mx\/?p=41633","title":{"rendered":"Confirma TEEO acuerdo del IEEPCO sobre negativa de reprogramar debate"},"content":{"rendered":"\n<p>Redacci\u00f3n\/Zona Roja.<\/p>\n\n\n\n<p>Oaxaca de Ju\u00e1rez, Oax., a 26 de mayo de 2022.- El Pleno del Tribunal Electoral del Estado de Oaxaca (TEEO) confirm\u00f3 el acuerdo IEEPCO-CG-66\/2022, mediante el cual el Instituto Estatal Electoral y de Participaci\u00f3n Ciudadana de Oaxaca (IEEPCO) dio respuesta a la solicitud presentada por el partido pol\u00edtico Movimiento Ciudadano, de reprogramar el primer debate a la Gubernatura 2022, as\u00ed como a su candidata a la Gubernatura del Estado, y respecto a la programaci\u00f3n de ocho debates regionales.<\/p>\n\n\n\n<p>Mediante el Recurso de Apelaci\u00f3n identificado con la clave RA\/172\/2022, la magistrada presidenta, el magistrado y la secretaria de estudio y cuenta en funciones de magistrada determinaron que el Instituto Estatal Electoral cumpli\u00f3 con la organizaci\u00f3n de, al menos, dos debates entre las candidatas y los candidatos postulados a la gubernatura del estado.<\/p>\n\n\n\n<p>Sin embargo, advirtieron que el hecho de que el primer debate previsto para el 24 de abril de 2022 no se haya celebrado, no es imputable a la autoridad responsable, ya que, minutos antes de que llegara la hora en la que se celebrar\u00eda el primero de los debates en comento, la candidata por Movimiento Ciudadano, ciudadana Dulce Alejandra Garc\u00eda Morl\u00e1n; tom\u00f3 la decisi\u00f3n de no participar en dicho ejercicio, con lo que la Comisi\u00f3n Temporal de Comunicaci\u00f3n del IEEPCO, se vio obligada a cancelarlo.<\/p>\n\n\n\n<p>En consecuencia, el Pleno se\u00f1al\u00f3 que el IEEPCO no se encuentra obligado a reprogramar el evento cancelado, ni a programar los ocho debates regionales solicitados por la candidata de Movimiento Ciudadano.<\/p>\n\n\n\n<p>El TEEO declar\u00f3 inexistente la violencia pol\u00edtica por raz\u00f3n de g\u00e9nero que el partido recurrente aduce se ejerci\u00f3 en contra de su candidata, por la negativa de reprogramar el primer debate a la gubernatura del estado, y de programar los ocho debates regionales que solicit\u00f3.\u00a0<\/p>\n\n\n\n<p>(Comunicado)<\/p>\n","protected":false},"excerpt":{"rendered":"<p>Redacci\u00f3n\/Zona Roja. Oaxaca de Ju\u00e1rez, Oax., a 26 de mayo de 2022.- El Pleno del&hellip;<\/p>\n","protected":false},"author":2,"featured_media":40680,"comment_status":"closed","ping_status":"open","sticky":false,"template":"","format":"standard","meta":{"_lmt_disableupdate":"","_lmt_disable":"","_jetpack_memberships_contains_paid_content":false,"footnotes":""},"categories":[109,46],"tags":[2235],"class_list":["post-41633","post","type-post","status-publish","format-standard","has-post-thumbnail","hentry","category-minuto-a-minuto","category-zona-blanca","tag-tribunal-electoral-del-estado-de-oaxaca-teeo"],"jetpack_featured_media_url":"https:\/\/zonaroja.com.mx\/wp-content\/uploads\/2022\/05\/Debate-electoral.jpg","jetpack_sharing_enabled":true,"_links":{"self":[{"href":"https:\/\/zonaroja.com.mx\/index.php?rest_route=\/wp\/v2\/posts\/41633","targetHints":{"allow":["GET"]}}],"collection":[{"href":"https:\/\/zonaroja.com.mx\/index.php?rest_route=\/wp\/v2\/posts"}],"about":[{"href":"https:\/\/zonaroja.com.mx\/index.php?rest_route=\/wp\/v2\/types\/post"}],"author":[{"embeddable":true,"href":"https:\/\/zonaroja.com.mx\/index.php?rest_route=\/wp\/v2\/users\/2"}],"replies":[{"embeddable":true,"href":"https:\/\/zonaroja.com.mx\/index.php?rest_route=%2Fwp%2Fv2%2Fcomments&post=41633"}],"version-history":[{"count":1,"href":"https:\/\/zonaroja.com.mx\/index.php?rest_route=\/wp\/v2\/posts\/41633\/revisions"}],"predecessor-version":[{"id":41634,"href":"https:\/\/zonaroja.com.mx\/index.php?rest_route=\/wp\/v2\/posts\/41633\/revisions\/41634"}],"wp:featuredmedia":[{"embeddable":true,"href":"https:\/\/zonaroja.com.mx\/index.php?rest_route=\/wp\/v2\/media\/40680"}],"wp:attachment":[{"href":"https:\/\/zonaroja.com.mx\/index.php?rest_route=%2Fwp%2Fv2%2Fmedia&parent=41633"}],"wp:term":[{"taxonomy":"category","embeddable":true,"href":"https:\/\/zonaroja.com.mx\/index.php?rest_route=%2Fwp%2Fv2%2Fcategories&post=41633"},{"taxonomy":"post_tag","embeddable":true,"href":"https:\/\/zonaroja.com.mx\/index.php?rest_route=%2Fwp%2Fv2%2Ftags&post=41633"}],"curies":[{"name":"wp","href":"https:\/\/api.w.org\/{rel}","templated":true}]}}