{"id":41641,"date":"2022-05-26T11:31:00","date_gmt":"2022-05-26T16:31:00","guid":{"rendered":"http:\/\/www.zonaroja.com.mx\/?p=41641"},"modified":"2022-05-26T08:35:22","modified_gmt":"2022-05-26T13:35:22","slug":"cumple-un-ano-planton-de-eloxochitlan-en-la-ciudad-de-mexico","status":"publish","type":"post","link":"https:\/\/zonaroja.com.mx\/?p=41641","title":{"rendered":"Cumple un a\u00f1o \u201cplant\u00f3n\u201d de Eloxochitl\u00e1n en la Ciudad de M\u00e9xico"},"content":{"rendered":"\n<p>Redacci\u00f3n\/Zona Roja Cdmx.<\/p>\n\n\n\n<p>Ciudad de M\u00e9xico, 26 de mayo de 2022.- Este 25 de mayo se cumpli\u00f3 un a\u00f1o del \u201cplant\u00f3n\u201d que mantienen familiares y amigos de varias personas detenidas durante 2014 en el poblado de Eloxochitl\u00e1n de Flores Mag\u00f3n, Oaxaca.&nbsp;<\/p>\n\n\n\n<p>Se trata de siete activistas que se encuentran detenidos por los delitos de homicidio, tentativa de homicidio y da\u00f1os, a quienes hasta la fecha no les han dictado sentencia.<\/p>\n\n\n\n<p>Los manifestantes refieren que no les han probado dichos&nbsp; delitos.<\/p>\n\n\n\n<p>Este mi\u00e9rcoles decidieron realizar un mitin en el exterior del edificio del Consejo de la Judicatura Federal, ubicado en Insurgentes 2417, colonia Tizap\u00e1n, alcald\u00eda \u00c1lvaro Obreg\u00f3n, para exigir justicia para sus compa\u00f1eros.&nbsp;<\/p>\n\n\n\n<p>Por algunos minutos bloquearon la circulaci\u00f3n de&nbsp; avenida de Los Insurgentes, a la altura de la estaci\u00f3n del Metrob\u00fas Doctor G\u00e1lvez. Varios oradores tomaron la palabra para pedir a las autoridades judiciales la libertad inmediata de sus familiares y amigos.<\/p>\n\n\n\n<p>Cinco de los siete fueron detenidos en el 2014, y los otros dos los detuvieron en el 2018 debido a una persecuci\u00f3n de 40 personas representantes de la comunidad.&nbsp;<\/p>\n\n\n\n<p>\u201cLa procuradur\u00eda del estado de Oaxaca se dedic\u00f3 a fabricar delitos y no s\u00e9 investig\u00f3, simplemente se\u00f1alaron a 40 personas que realizaban activismo, que son defensores de Derechos Humanos y algunos maestros\u00bb, denunci\u00f3 Argelia Betanzos, hija de Jaime Betanzos, uno de los presos pol\u00edticos.&nbsp;<\/p>\n\n\n\n<p>Hasta el momento los manifestantes no han sido atendidos por las autoridades del Consejo de la Judicatura Federal Mencionaron que el plant\u00f3n continuar\u00e1 sobre la banqueta de Insurgentes hasta que los detenidos sean puestos en libertad.<\/p>\n\n\n\n<p>(Informaci\u00f3n de \u201cExc\u00e9lsior\u00bb)<\/p>\n","protected":false},"excerpt":{"rendered":"<p>Redacci\u00f3n\/Zona Roja Cdmx. Ciudad de M\u00e9xico, 26 de mayo de 2022.- Este 25 de mayo&hellip;<\/p>\n","protected":false},"author":2,"featured_media":27911,"comment_status":"closed","ping_status":"open","sticky":false,"template":"","format":"standard","meta":{"_lmt_disableupdate":"","_lmt_disable":"","_jetpack_memberships_contains_paid_content":false,"footnotes":""},"categories":[109,47],"tags":[719],"class_list":["post-41641","post","type-post","status-publish","format-standard","has-post-thumbnail","hentry","category-minuto-a-minuto","category-zona-gris","tag-eloxochitlan-de-flores-magon"],"jetpack_featured_media_url":"https:\/\/zonaroja.com.mx\/wp-content\/uploads\/2021\/05\/Eloxochitlan-de-Flores-Magon-huelga-Judicatura.jpg","jetpack_sharing_enabled":true,"_links":{"self":[{"href":"https:\/\/zonaroja.com.mx\/index.php?rest_route=\/wp\/v2\/posts\/41641","targetHints":{"allow":["GET"]}}],"collection":[{"href":"https:\/\/zonaroja.com.mx\/index.php?rest_route=\/wp\/v2\/posts"}],"about":[{"href":"https:\/\/zonaroja.com.mx\/index.php?rest_route=\/wp\/v2\/types\/post"}],"author":[{"embeddable":true,"href":"https:\/\/zonaroja.com.mx\/index.php?rest_route=\/wp\/v2\/users\/2"}],"replies":[{"embeddable":true,"href":"https:\/\/zonaroja.com.mx\/index.php?rest_route=%2Fwp%2Fv2%2Fcomments&post=41641"}],"version-history":[{"count":1,"href":"https:\/\/zonaroja.com.mx\/index.php?rest_route=\/wp\/v2\/posts\/41641\/revisions"}],"predecessor-version":[{"id":41642,"href":"https:\/\/zonaroja.com.mx\/index.php?rest_route=\/wp\/v2\/posts\/41641\/revisions\/41642"}],"wp:featuredmedia":[{"embeddable":true,"href":"https:\/\/zonaroja.com.mx\/index.php?rest_route=\/wp\/v2\/media\/27911"}],"wp:attachment":[{"href":"https:\/\/zonaroja.com.mx\/index.php?rest_route=%2Fwp%2Fv2%2Fmedia&parent=41641"}],"wp:term":[{"taxonomy":"category","embeddable":true,"href":"https:\/\/zonaroja.com.mx\/index.php?rest_route=%2Fwp%2Fv2%2Fcategories&post=41641"},{"taxonomy":"post_tag","embeddable":true,"href":"https:\/\/zonaroja.com.mx\/index.php?rest_route=%2Fwp%2Fv2%2Ftags&post=41641"}],"curies":[{"name":"wp","href":"https:\/\/api.w.org\/{rel}","templated":true}]}}