{"id":41647,"date":"2022-05-26T19:35:18","date_gmt":"2022-05-27T00:35:18","guid":{"rendered":"https:\/\/www.zonaroja.com.mx\/?p=41647"},"modified":"2022-05-26T19:35:19","modified_gmt":"2022-05-27T00:35:19","slug":"ediles-morenistas-garcia-jarquin-pinto-patrullas-de-guinda-y-neri-de-rosa","status":"publish","type":"post","link":"https:\/\/zonaroja.com.mx\/?p=41647","title":{"rendered":"Ediles morenistas: Garc\u00eda Jarqu\u00edn pinto patrullas de guinda\u2026 y Neri de rosa"},"content":{"rendered":"\n<p>Yuridiana Sosa\/Zona Roja.<\/p>\n\n\n\n<p>Oaxaca de Ju\u00e1rez, Oax., 26 de mayo de 2022.- De forma extravagante, en tonos rosa con dise\u00f1o tipo camuflaje, fue pintada una patrulla de la Polic\u00eda Municipal de Oaxaca de Ju\u00e1rez, \u201csolo para causar expectaci\u00f3n\u201d, pero la cual no forma parte de ning\u00fan programa dirigido a ayudar a mujeres en situaci\u00f3n de violencia, como se ha aplicado en otros municipios de la entidad y el pa\u00eds.&nbsp;<\/p>\n\n\n\n<p>La imagen de la patrulla con el n\u00famero 982 caus\u00f3 pol\u00e9mica y diversas cr\u00edticas en redes sociales, a las que el presidente municipal, Francisco Mart\u00ednez Neri, respondi\u00f3 con titubeos, pero defendi\u00f3 la propuesta de la que no dio mayores explicaciones sobre si el resto de las unidades lucir\u00e1n as\u00ed.&nbsp;<\/p>\n\n\n\n<p>\u201cMe parece que eso genera expectaci\u00f3n, a veces hay que generar eso\u201d, dijo el edil en el sentido que con ese dise\u00f1o la ciudadan\u00eda identificar\u00e1 con mayor rapidez a la patrulla para pedir ayuda.&nbsp;<\/p>\n\n\n\n<p>\u201cY no lo ordinario, lo cotidiano, necesitamos generar nuevas ideas. No es indebido, es parte de la innovaci\u00f3n, tan es as\u00ed que estamos hablando de eso\u201d, agreg\u00f3 Mart\u00ednez Neri en entrevista colectiva al t\u00e9rmino de la sesi\u00f3n de Cabildo de este jueves.<\/p>\n\n\n\n<figure class=\"wp-block-embed\"><div class=\"wp-block-embed__wrapper\">\n<div class=\"twitter-tweet\"><blockquote class=\"twitter-tweet\" data-lang=\"es\"><p lang=\"es\" dir=\"ltr\"><a href=\"https:\/\/twitter.com\/hashtag\/%C3%9AltimoMinuto?src=hash&amp;ref_src=twsrc%5Etfw\">#\u00daltimoMinuto<\/a> <br>Causa pol\u00e9mica patrulla pitada de rosa por el <a href=\"https:\/\/twitter.com\/MunicipioOaxaca?ref_src=twsrc%5Etfw\">@MunicipioOaxaca<\/a>.<br>En sesi\u00f3n de Cabildo, critican la decisi\u00f3n. <br>Y en entrevista, el edil morenista <a href=\"https:\/\/twitter.com\/FMartinezNeri?ref_src=twsrc%5Etfw\">@FMartinezNeri<\/a> justifica que es para llamar la atenci\u00f3n, y luego recula al se\u00f1alar que se revisar\u00e1 el tema. <a href=\"https:\/\/t.co\/DNh3WeByQR\">pic.twitter.com\/DNh3WeByQR<\/a><\/p>&mdash; Zona Roja Oaxaca (@ZonaRoja_Oaxaca) <a href=\"https:\/\/twitter.com\/ZonaRoja_Oaxaca\/status\/1529901029386555392?ref_src=twsrc%5Etfw\">26 de mayo de 2022<\/a><\/blockquote><\/div>\n<\/div><\/figure>\n\n\n\n<p>A pregunta expresa sobre el color, el cual se ha relacionado a programas de seguridad a nivel nacional a favor de las mujeres, el edil respondi\u00f3 que \u201cse asocia, y lo asocia (as\u00ed) quien lo quiere asociar porque trae un problema en la cabeza\u201d.<\/p>\n\n\n\n<p>Pues apunt\u00f3 que el rosa para las mujeres y el azul para los hombres s\u00f3lo es un estereotipo, aunque reconoci\u00f3 hay cuestiones que deben cuidar m\u00e1s, como fue el caso del dise\u00f1o.<\/p>\n\n\n\n<p>Previamente, en sesi\u00f3n de Cabildo, la regidora Mirna L\u00f3pez, mostr\u00f3 una fotograf\u00eda de la unidad de motor oficial y critic\u00f3 que se haya pintado una patrulla en esos tonos. No obstante, el edil call\u00f3 en ese momento.<\/p>\n\n\n\n<p>Como se recordar\u00e1, en el inicio de su trienio, el tambi\u00e9n morenista Oswaldo Garc\u00eda Jarqu\u00edn, mand\u00f3 pintar las patrullas de color guinda, semejante al color de Morena, lo que le gener\u00f3 severas cr\u00edticas, por lo que tuvo que recular. <\/p>\n","protected":false},"excerpt":{"rendered":"<p>Yuridiana Sosa\/Zona Roja. Oaxaca de Ju\u00e1rez, Oax., 26 de mayo de 2022.- De forma extravagante,&hellip;<\/p>\n","protected":false},"author":2,"featured_media":41646,"comment_status":"closed","ping_status":"open","sticky":false,"template":"","format":"standard","meta":{"_lmt_disableupdate":"","_lmt_disable":"","_jetpack_memberships_contains_paid_content":false,"footnotes":""},"categories":[109,47],"tags":[],"class_list":["post-41647","post","type-post","status-publish","format-standard","has-post-thumbnail","hentry","category-minuto-a-minuto","category-zona-gris"],"jetpack_featured_media_url":"https:\/\/zonaroja.com.mx\/wp-content\/uploads\/2022\/05\/b434f44b-2f4b-4ba3-b6dd-1152a164af9e.jpg","jetpack_sharing_enabled":true,"_links":{"self":[{"href":"https:\/\/zonaroja.com.mx\/index.php?rest_route=\/wp\/v2\/posts\/41647","targetHints":{"allow":["GET"]}}],"collection":[{"href":"https:\/\/zonaroja.com.mx\/index.php?rest_route=\/wp\/v2\/posts"}],"about":[{"href":"https:\/\/zonaroja.com.mx\/index.php?rest_route=\/wp\/v2\/types\/post"}],"author":[{"embeddable":true,"href":"https:\/\/zonaroja.com.mx\/index.php?rest_route=\/wp\/v2\/users\/2"}],"replies":[{"embeddable":true,"href":"https:\/\/zonaroja.com.mx\/index.php?rest_route=%2Fwp%2Fv2%2Fcomments&post=41647"}],"version-history":[{"count":1,"href":"https:\/\/zonaroja.com.mx\/index.php?rest_route=\/wp\/v2\/posts\/41647\/revisions"}],"predecessor-version":[{"id":41648,"href":"https:\/\/zonaroja.com.mx\/index.php?rest_route=\/wp\/v2\/posts\/41647\/revisions\/41648"}],"wp:featuredmedia":[{"embeddable":true,"href":"https:\/\/zonaroja.com.mx\/index.php?rest_route=\/wp\/v2\/media\/41646"}],"wp:attachment":[{"href":"https:\/\/zonaroja.com.mx\/index.php?rest_route=%2Fwp%2Fv2%2Fmedia&parent=41647"}],"wp:term":[{"taxonomy":"category","embeddable":true,"href":"https:\/\/zonaroja.com.mx\/index.php?rest_route=%2Fwp%2Fv2%2Fcategories&post=41647"},{"taxonomy":"post_tag","embeddable":true,"href":"https:\/\/zonaroja.com.mx\/index.php?rest_route=%2Fwp%2Fv2%2Ftags&post=41647"}],"curies":[{"name":"wp","href":"https:\/\/api.w.org\/{rel}","templated":true}]}}