{"id":41655,"date":"2022-05-26T22:08:32","date_gmt":"2022-05-27T03:08:32","guid":{"rendered":"http:\/\/www.zonaroja.com.mx\/?p=41655"},"modified":"2022-05-26T22:08:34","modified_gmt":"2022-05-27T03:08:34","slug":"es-necesario-que-al-gobierno-llegue-gente-de-abajo-dice-salomon-jara","status":"publish","type":"post","link":"https:\/\/zonaroja.com.mx\/?p=41655","title":{"rendered":"Es necesario que al gobierno llegue gente de abajo, dice Salom\u00f3n Jara"},"content":{"rendered":"\n<p>Redacci\u00f3n\/Zona Roja.<\/p>\n\n\n\n<p>Oaxaca de Ju\u00e1rez, Oax., 26 de mayo de 2022.- Pueblos y comunidades de la regi\u00f3n de la Costa se pronunciaron a favor de emitir su sufragio para establecer un gobierno de territorio, que visite permanentemente las regiones, y que ser\u00e1 encabezado por Salom\u00f3n Jara Cruz, candidato de la Coalici\u00f3n \u201cJuntos Hacemos Historia en Oaxaca\u201d.<\/p>\n\n\n\n<p>Durante la \u00abGira de la Esperanza\u00bb en Santa Mar\u00eda Zacatepec y San Pedro Amuzgos, el candidato de los partidos Morena, PT, PUP y Verde Ecologista, convoc\u00f3 a la ciudadan\u00eda a votar este 5 de junio para quitarle la m\u00e1scara al candidato del PRI que representa la corrupci\u00f3n y la impunidad.<\/p>\n\n\n\n<p>\u201cEs necesario que al Gobierno del Estado llegue gente de abajo, no los mismos que han ejercido el poder para su beneficio, porque esos que vienen de arriba no han recorrido aqu\u00ed abajo, no conocen los problemas del campo ni las comunidades\u201d, dijo.<\/p>\n\n\n\n<figure class=\"wp-block-embed is-type-rich is-provider-twitter wp-block-embed-twitter\"><div class=\"wp-block-embed__wrapper\">\n<div class=\"twitter-tweet\"><blockquote class=\"twitter-tweet\" data-lang=\"es\"><p lang=\"es\" dir=\"ltr\"><a href=\"https:\/\/twitter.com\/hashtag\/EleccionesOaxaca2022?src=hash&amp;ref_src=twsrc%5Etfw\">#EleccionesOaxaca2022<\/a><br>Desde la Costa, <a href=\"https:\/\/twitter.com\/salomonj?ref_src=twsrc%5Etfw\">@salomonj<\/a> afirma que ocho horas diarias no ser\u00e1n suficientes para sacar adelante a Oaxaca.<br>En Santa Mar\u00eda Ipalapa, expresa que trabajar\u00e1 doble turno, 16 horas diarias, para  mejorar las condiciones de los pueblos y comunidades. <a href=\"https:\/\/t.co\/Bd7qwgIBia\">pic.twitter.com\/Bd7qwgIBia<\/a><\/p>&mdash; Zona Roja Oaxaca (@ZonaRoja_Oaxaca) <a href=\"https:\/\/twitter.com\/ZonaRoja_Oaxaca\/status\/1529967693369073683?ref_src=twsrc%5Etfw\">26 de mayo de 2022<\/a><\/blockquote><\/div>\n<\/div><\/figure>\n\n\n\n<p>Asimismo, reiter\u00f3 que su gobierno trabajar\u00e1 16 horas diarias, turno completo y, adem\u00e1s, recorrer\u00e1 todos los d\u00edas de la semana las ocho regiones de la entidad.<\/p>\n\n\n\n<p>Jara Cruz se\u00f1al\u00f3 que votar por la 4T \u00abes votar por el desarrollo de los pueblos\u00bb, y en el caso de Zacatepec, se comprometi\u00f3 a trabajar por esta zona de la entidad, para que no padezca m\u00e1s la exclusi\u00f3n a la que la pretendieron destinar las administraciones p\u00fablicas corruptas.<\/p>\n\n\n\n<p>Asegur\u00f3 que, para lograr el cambio verdadero en Oaxaca, los pueblos de la etnia Tacuate ser\u00e1n pieza fundamental para instalar la transformaci\u00f3n y el desarrollo.<\/p>\n\n\n\n<p>\u201cAs\u00ed como ustedes hablan su lengua materna, hermanos Tacuates, yo tambi\u00e9n hablo mi lengua ind\u00edgena, provengo de una comunidad originaria, somos iguales y por eso no les voy a fallar\u201d, sostuvo Jara Cruz.<\/p>\n","protected":false},"excerpt":{"rendered":"<p>Redacci\u00f3n\/Zona Roja. Oaxaca de Ju\u00e1rez, Oax., 26 de mayo de 2022.- Pueblos y comunidades de&hellip;<\/p>\n","protected":false},"author":2,"featured_media":41656,"comment_status":"closed","ping_status":"open","sticky":false,"template":"","format":"standard","meta":{"_lmt_disableupdate":"","_lmt_disable":"","_jetpack_memberships_contains_paid_content":false,"footnotes":""},"categories":[109,46],"tags":[939],"class_list":["post-41655","post","type-post","status-publish","format-standard","has-post-thumbnail","hentry","category-minuto-a-minuto","category-zona-blanca","tag-salomon-jara-cruz"],"jetpack_featured_media_url":"https:\/\/zonaroja.com.mx\/wp-content\/uploads\/2022\/05\/Salomon-Jara-Amuzgo.jpg","jetpack_sharing_enabled":true,"_links":{"self":[{"href":"https:\/\/zonaroja.com.mx\/index.php?rest_route=\/wp\/v2\/posts\/41655","targetHints":{"allow":["GET"]}}],"collection":[{"href":"https:\/\/zonaroja.com.mx\/index.php?rest_route=\/wp\/v2\/posts"}],"about":[{"href":"https:\/\/zonaroja.com.mx\/index.php?rest_route=\/wp\/v2\/types\/post"}],"author":[{"embeddable":true,"href":"https:\/\/zonaroja.com.mx\/index.php?rest_route=\/wp\/v2\/users\/2"}],"replies":[{"embeddable":true,"href":"https:\/\/zonaroja.com.mx\/index.php?rest_route=%2Fwp%2Fv2%2Fcomments&post=41655"}],"version-history":[{"count":1,"href":"https:\/\/zonaroja.com.mx\/index.php?rest_route=\/wp\/v2\/posts\/41655\/revisions"}],"predecessor-version":[{"id":41657,"href":"https:\/\/zonaroja.com.mx\/index.php?rest_route=\/wp\/v2\/posts\/41655\/revisions\/41657"}],"wp:featuredmedia":[{"embeddable":true,"href":"https:\/\/zonaroja.com.mx\/index.php?rest_route=\/wp\/v2\/media\/41656"}],"wp:attachment":[{"href":"https:\/\/zonaroja.com.mx\/index.php?rest_route=%2Fwp%2Fv2%2Fmedia&parent=41655"}],"wp:term":[{"taxonomy":"category","embeddable":true,"href":"https:\/\/zonaroja.com.mx\/index.php?rest_route=%2Fwp%2Fv2%2Fcategories&post=41655"},{"taxonomy":"post_tag","embeddable":true,"href":"https:\/\/zonaroja.com.mx\/index.php?rest_route=%2Fwp%2Fv2%2Ftags&post=41655"}],"curies":[{"name":"wp","href":"https:\/\/api.w.org\/{rel}","templated":true}]}}