{"id":41661,"date":"2022-05-27T07:09:14","date_gmt":"2022-05-27T12:09:14","guid":{"rendered":"http:\/\/www.zonaroja.com.mx\/?p=41661"},"modified":"2022-05-27T07:09:15","modified_gmt":"2022-05-27T12:09:15","slug":"coneval-ubica-a-oaxaca-en-el-lugar-4-en-combate-a-la-pobreza","status":"publish","type":"post","link":"https:\/\/zonaroja.com.mx\/?p=41661","title":{"rendered":"Coneval ubica a Oaxaca en el lugar 4 en combate a la pobreza"},"content":{"rendered":"\n<p>Redacci\u00f3n\/Zona Roja Cdm.<\/p>\n\n\n\n<p>Ciudad de M\u00e9xico, 27 de mayo de 2022.- El Consejo Nacional de Evaluaci\u00f3n de la Pol\u00edtica de Desarrollo Social (Coneval) ubic\u00f3 al estado de Oaxaca en el lugar n\u00famero cuatro a nivel nacional respecto al combate a la pobreza laboral.<\/p>\n\n\n\n<p>El organismo responsable de medir la pobreza en el pa\u00eds, reconoci\u00f3 tambi\u00e9n que el ingreso laboral por persona en promedio&nbsp;en Oaxaca aument\u00f3 9.1 por ciento, lo cual super\u00f3 el promedio nacional que fue de 3.8 por ciento entre el cuatro trimestre del 2021 y el primer trimestre del 2022.<\/p>\n\n\n\n<p>De acuerdo con estos datos, Oaxaca se ubic\u00f3 entre los primeros lugares en cuanto al ingreso laboral &nbsp;s\u00f3lo por debajo de Baja California, Veracruz y Yucat\u00e1n, en este periodo.<\/p>\n\n\n\n<p>Cabe destacar que el \u00cdndice de la Tendencia Laboral de la Pobreza (ITLP) es un indicador que estima el Consejo Nacional de Evaluaci\u00f3n de la Pol\u00edtica de Desarrollo Social (Coneval) de forma trimestral, con informaci\u00f3n de la Encuesta Nacional de Ocupaci\u00f3n y Empleo (ENOE) del Instituto Nacional de Estad\u00edstica y Geograf\u00eda (INEGI), y permite dar seguimiento trimestral a la evoluci\u00f3n del ingreso laboral y su relaci\u00f3n con el costo de la canasta alimentaria, para obtener el porcentaje de pobreza laboral.<\/p>\n\n\n\n<p>(Informaci\u00f3n de \u201cExc\u00e9lsior\u201d)<\/p>\n","protected":false},"excerpt":{"rendered":"<p>Redacci\u00f3n\/Zona Roja Cdm. Ciudad de M\u00e9xico, 27 de mayo de 2022.- El Consejo Nacional de&hellip;<\/p>\n","protected":false},"author":2,"featured_media":32649,"comment_status":"closed","ping_status":"open","sticky":false,"template":"","format":"standard","meta":{"_lmt_disableupdate":"","_lmt_disable":"","_jetpack_memberships_contains_paid_content":false,"footnotes":""},"categories":[109,46],"tags":[1863],"class_list":["post-41661","post","type-post","status-publish","format-standard","has-post-thumbnail","hentry","category-minuto-a-minuto","category-zona-blanca","tag-consejo-nacional-de-evaluacion-de-la-politica-de-desarrollo-social-coneval"],"jetpack_featured_media_url":"https:\/\/zonaroja.com.mx\/wp-content\/uploads\/2021\/10\/Adulto-Mayor-pobreza.jpg","jetpack_sharing_enabled":true,"_links":{"self":[{"href":"https:\/\/zonaroja.com.mx\/index.php?rest_route=\/wp\/v2\/posts\/41661","targetHints":{"allow":["GET"]}}],"collection":[{"href":"https:\/\/zonaroja.com.mx\/index.php?rest_route=\/wp\/v2\/posts"}],"about":[{"href":"https:\/\/zonaroja.com.mx\/index.php?rest_route=\/wp\/v2\/types\/post"}],"author":[{"embeddable":true,"href":"https:\/\/zonaroja.com.mx\/index.php?rest_route=\/wp\/v2\/users\/2"}],"replies":[{"embeddable":true,"href":"https:\/\/zonaroja.com.mx\/index.php?rest_route=%2Fwp%2Fv2%2Fcomments&post=41661"}],"version-history":[{"count":1,"href":"https:\/\/zonaroja.com.mx\/index.php?rest_route=\/wp\/v2\/posts\/41661\/revisions"}],"predecessor-version":[{"id":41662,"href":"https:\/\/zonaroja.com.mx\/index.php?rest_route=\/wp\/v2\/posts\/41661\/revisions\/41662"}],"wp:featuredmedia":[{"embeddable":true,"href":"https:\/\/zonaroja.com.mx\/index.php?rest_route=\/wp\/v2\/media\/32649"}],"wp:attachment":[{"href":"https:\/\/zonaroja.com.mx\/index.php?rest_route=%2Fwp%2Fv2%2Fmedia&parent=41661"}],"wp:term":[{"taxonomy":"category","embeddable":true,"href":"https:\/\/zonaroja.com.mx\/index.php?rest_route=%2Fwp%2Fv2%2Fcategories&post=41661"},{"taxonomy":"post_tag","embeddable":true,"href":"https:\/\/zonaroja.com.mx\/index.php?rest_route=%2Fwp%2Fv2%2Ftags&post=41661"}],"curies":[{"name":"wp","href":"https:\/\/api.w.org\/{rel}","templated":true}]}}