{"id":41670,"date":"2022-05-27T08:14:45","date_gmt":"2022-05-27T13:14:45","guid":{"rendered":"http:\/\/www.zonaroja.com.mx\/?p=41670"},"modified":"2022-05-27T08:15:06","modified_gmt":"2022-05-27T13:15:06","slug":"confirman-600-corredores-participacion-en-el-trail-de-la-mixteca-oaxaquena","status":"publish","type":"post","link":"https:\/\/zonaroja.com.mx\/?p=41670","title":{"rendered":"Confirman 600 corredores participaci\u00f3n en el Trail de la Mixteca oaxaque\u00f1a"},"content":{"rendered":"\n<p>Redacci\u00f3n\/Territorio Score<\/p>\n\n\n\n<p>Oaxaca de Ju\u00e1rez, Oax., 27 de mayo de 2022.- El pr\u00f3ximo 18 y 19 de junio, la poblaci\u00f3n de San Mateo Tlapiltepec ser\u00e1 el epicentro donde se re\u00fanan los mejores corredores de monta\u00f1a de M\u00e9xico, en la edici\u00f3n 2022 del Trail de la Mixteca Oaxaque\u00f1a.&nbsp;<\/p>\n\n\n\n<p>Con la presencia de Ricardo Mej\u00eda, atleta mixteco de talla mundial, se dieron a conocer los pormenores de la carrera de monta\u00f1a, la cual se realizar\u00e1 en las distancias de 12 y 30 kil\u00f3metros con salida y meta en San Mateo Tlapiltepec.&nbsp;<\/p>\n\n\n\n<p>El corredor oaxaque\u00f1o se\u00f1al\u00f3 que, tras las pausas impuestas por la emergencia sanitaria, en este 2022 se ha trazado como meta vencer los fantasmas de la incertidumbre. &nbsp;<\/p>\n\n\n\n<p>\u201cDespu\u00e9s de la contingencia provocada por esta pandemia en la que todos hemos sufrido de una u otra manera sus consecuencias, la fuerza y el entusiasmo que nos caracteriza como atletas y personas que disfrutamos del deporte y la sana convivencia, estamos regresando poco a poco a nuestras actividades con todas las medidas de seguridad que este virus nos exige\u201d. &nbsp;<\/p>\n\n\n\n<p>Asimismo, el Club Corre Mej\u00eda desarroll\u00f3 un protocolo para la organizaci\u00f3n del El Trail de la Mixteca 2022, siguiendo las recomendaciones emitidas por la Organizaci\u00f3n Mundial de la Salud (OMS), el municipio de San Mateo Tlapiltepec y de las autoridades del estado de Oaxaca. &nbsp;<\/p>\n\n\n\n<p>En esta ocasi\u00f3n, el Trail de la Mixteca Oaxaque\u00f1a&nbsp;se realizar\u00e1 a partir del 18 de junio del 2022, con la celebraci\u00f3n de una Vertical Race y a la par se podr\u00e1 participar en la competencia de trail en las distancias de 12 y 30 kil\u00f3metros. &nbsp;<\/p>\n\n\n\n<p>En el 2022, M\u00e9xico repite como uno de los pa\u00edses sede de la Golden Trail National Series y como atractivo adicional la tercera parada clasificatoria ser\u00e1 Trail de la Mixteca Oaxaque\u00f1a. &nbsp;<\/p>\n\n\n\n<p>Mej\u00eda resalt\u00f3 la relevancia de esta nominaci\u00f3n y mencion\u00f3 que se han confirmado la participaci\u00f3n de 600 corredores de diferentes partes del pa\u00eds y figuras del atletismo mexicano como Germ\u00e1n Silva y Dionisio Cer\u00f3n.<\/p>\n\n\n\n<p>Durante la conferencia de prensa se realiz\u00f3 la presentaci\u00f3n de la playera y medalla conmemorativa, la cual forma parte del kit de corredor que incluye dorsal con chip desechable, hidrataci\u00f3n durante la competencia, registro de tiempos y asistencia en caso de requerir primeros auxilios. &nbsp;<\/p>\n\n\n\n<p>La presentaci\u00f3n de la justa se realiz\u00f3 en el Complejo Deportivo \u201cHermanos Flores Mag\u00f3n\u201d y la encabez\u00f3 la titular del Instituto Estatal de Cultura F\u00edsica y Deporte de Oaxaca (Incude), Montserrat de los \u00c1ngeles Arag\u00f3n Heinze y los corredores de monta\u00f1a Jael Morales Oseguera y Larry Espinoza.<\/p>\n","protected":false},"excerpt":{"rendered":"<p>Redacci\u00f3n\/Territorio Score Oaxaca de Ju\u00e1rez, Oax., 27 de mayo de 2022.- El pr\u00f3ximo 18 y&hellip;<\/p>\n","protected":false},"author":2,"featured_media":41671,"comment_status":"closed","ping_status":"open","sticky":false,"template":"","format":"standard","meta":{"_lmt_disableupdate":"","_lmt_disable":"","_jetpack_memberships_contains_paid_content":false,"footnotes":""},"categories":[109,47],"tags":[3150],"class_list":["post-41670","post","type-post","status-publish","format-standard","has-post-thumbnail","hentry","category-minuto-a-minuto","category-zona-gris","tag-trail-mixteca-oaxaquena"],"jetpack_featured_media_url":"https:\/\/zonaroja.com.mx\/wp-content\/uploads\/2022\/05\/Trail-Mixteca-oaxaquena.jpg","jetpack_sharing_enabled":true,"_links":{"self":[{"href":"https:\/\/zonaroja.com.mx\/index.php?rest_route=\/wp\/v2\/posts\/41670","targetHints":{"allow":["GET"]}}],"collection":[{"href":"https:\/\/zonaroja.com.mx\/index.php?rest_route=\/wp\/v2\/posts"}],"about":[{"href":"https:\/\/zonaroja.com.mx\/index.php?rest_route=\/wp\/v2\/types\/post"}],"author":[{"embeddable":true,"href":"https:\/\/zonaroja.com.mx\/index.php?rest_route=\/wp\/v2\/users\/2"}],"replies":[{"embeddable":true,"href":"https:\/\/zonaroja.com.mx\/index.php?rest_route=%2Fwp%2Fv2%2Fcomments&post=41670"}],"version-history":[{"count":1,"href":"https:\/\/zonaroja.com.mx\/index.php?rest_route=\/wp\/v2\/posts\/41670\/revisions"}],"predecessor-version":[{"id":41672,"href":"https:\/\/zonaroja.com.mx\/index.php?rest_route=\/wp\/v2\/posts\/41670\/revisions\/41672"}],"wp:featuredmedia":[{"embeddable":true,"href":"https:\/\/zonaroja.com.mx\/index.php?rest_route=\/wp\/v2\/media\/41671"}],"wp:attachment":[{"href":"https:\/\/zonaroja.com.mx\/index.php?rest_route=%2Fwp%2Fv2%2Fmedia&parent=41670"}],"wp:term":[{"taxonomy":"category","embeddable":true,"href":"https:\/\/zonaroja.com.mx\/index.php?rest_route=%2Fwp%2Fv2%2Fcategories&post=41670"},{"taxonomy":"post_tag","embeddable":true,"href":"https:\/\/zonaroja.com.mx\/index.php?rest_route=%2Fwp%2Fv2%2Ftags&post=41670"}],"curies":[{"name":"wp","href":"https:\/\/api.w.org\/{rel}","templated":true}]}}