{"id":41673,"date":"2022-05-27T10:17:00","date_gmt":"2022-05-27T15:17:00","guid":{"rendered":"http:\/\/www.zonaroja.com.mx\/?p=41673"},"modified":"2022-05-27T08:19:59","modified_gmt":"2022-05-27T13:19:59","slug":"segunda-alternancia-en-oaxaca-llegaria-con-morena","status":"publish","type":"post","link":"https:\/\/zonaroja.com.mx\/?p=41673","title":{"rendered":"Segunda alternancia en Oaxaca llegar\u00eda con Morena"},"content":{"rendered":"\n<p>Redacci\u00f3n\/Zona Roja Cdmx.<\/p>\n\n\n\n<p>Ciudad de M\u00e9xico, 27 de mayo de 2022.- En el proceso electoral de este a\u00f1o se prev\u00e9 que en Oaxaca se d\u00e9 una segunda alternancia en la gubernatura, ya que, de acuerdo con las encuestas, Morena arrebatar\u00eda la gubernatura al Partido Revolucionario Institucional (PRI).<\/p>\n\n\n\n<p>En 2010, tras gobernar 80 a\u00f1os la tierra donde naci\u00f3 Benito Ju\u00e1rez, el PRI perdi\u00f3 la gubernatura ante Gabino Cu\u00e9 Monteagudo, quien fue postulado por la coalici\u00f3n Unidos por la Paz y el Progreso, conformada por los partidos Acci\u00f3n Nacional (PAN), de la Revoluci\u00f3n Democr\u00e1tica (PRD), Convergencia y Partido del Trabajo (PT); sin embargo, seis a\u00f1os m\u00e1s tarde, el partido fundado por Plutarco El\u00edas Calles recuper\u00f3 el poder en la entidad, con el priista Alejandro Murat, hijo del exgobernador y militante priista Jos\u00e9 Murat.<\/p>\n\n\n\n<p>No obstante, en 2022, el PRI corre el riesgo de volver a perder la gubernatura. De acuerdo con la encuesta de EL FINANCIERO, el morenista Salom\u00f3n Jara, abanderado de la coalici\u00f3n Juntos Haremos Historia, conformada por Morena, Partido Verde Ecologista de M\u00e9xico, PT y Partido Unidad Popular, encabeza las preferencias rumbo a la contienda comicial del 5 de junio, cuando estar\u00e1 en juego la silla de Palacio de Gobierno que actualmente ostenta Murat hijo, en medio de una percepci\u00f3n de que el tricolor en Oaxaca prefiere claudicar y ceder, antes que dar la batalla.<\/p>\n\n\n\n<p>El estudio demosc\u00f3pico, publicado por el encuestador Alejandro Moreno en este rotativo a principios de mayo \u2013un mes antes de la jornada comicial\u2013, arroja que en esta entidad, el senador morenista con licencia Salom\u00f3n Jara cuenta con 47 por ciento de la intenci\u00f3n efectiva de voto, mientras que, su m\u00e1s cercano seguidor, Alejandro Avil\u00e9s, abanderado del PRI y PRD, capta 30 por ciento de las preferencias; la candidata del PAN, Natividad D\u00edaz, obtiene 10 por ciento, y la abanderada de Movimiento Ciudadano, Alejandra Morl\u00e1n, 7 por ciento.<\/p>\n\n\n\n<p>En tanto, Bersah\u00edn L\u00f3pez L\u00f3pez, del Partido Nueva Alianza, cuenta con 2 por ciento de las preferencias, y los candidatos independientes Jes\u00fas L\u00f3pez Rodr\u00edguez y Mauricio Cruz Vargas, 2 por ciento cada uno.<\/p>\n\n\n\n<p>Salom\u00f3n Jara, coordinador de la campa\u00f1a presidencial de Andr\u00e9s Manuel L\u00f3pez Obrador en Oaxaca en 2006, 2012 y 2018, fundador del PRD y, posteriormente, de Morena en la entidad, diputado local, diputado federal y dos veces senador, busca por segunda vez la gubernatura Oaxaca.<\/p>\n\n\n\n<p>En su primer intento, en 2016, Jara qued\u00f3 en tercer lugar con 22.81 por ciento de los votos; en segundo lugar qued\u00f3 Jos\u00e9 Antonio Esteban Garfias, del PAN-PRD, con 24.96 por ciento, y en primer lugar, el actual gobernador, Alejandro Murat. Este a\u00f1o, esa historia, de acuerdo con los datos, muy probablemente, ser\u00e1 diferente.<\/p>\n\n\n\n<p>De acuerdo con cifras del Coneval, 66.4 por ciento de la poblaci\u00f3n del estado vive en situaci\u00f3n de pobreza, lo que representa dos millones 714 mil 700 personas.<\/p>\n\n\n\n<p>(Informaci\u00f3n de \u201cEl Financiero\u201d)<\/p>\n","protected":false},"excerpt":{"rendered":"<p>Redacci\u00f3n\/Zona Roja Cdmx. Ciudad de M\u00e9xico, 27 de mayo de 2022.- En el proceso electoral&hellip;<\/p>\n","protected":false},"author":2,"featured_media":26407,"comment_status":"closed","ping_status":"open","sticky":false,"template":"","format":"standard","meta":{"_lmt_disableupdate":"","_lmt_disable":"","_jetpack_memberships_contains_paid_content":false,"footnotes":""},"categories":[109,46],"tags":[939],"class_list":["post-41673","post","type-post","status-publish","format-standard","has-post-thumbnail","hentry","category-minuto-a-minuto","category-zona-blanca","tag-salomon-jara-cruz"],"jetpack_featured_media_url":"https:\/\/zonaroja.com.mx\/wp-content\/uploads\/2021\/04\/Salomon-Jara.jpg","jetpack_sharing_enabled":true,"_links":{"self":[{"href":"https:\/\/zonaroja.com.mx\/index.php?rest_route=\/wp\/v2\/posts\/41673","targetHints":{"allow":["GET"]}}],"collection":[{"href":"https:\/\/zonaroja.com.mx\/index.php?rest_route=\/wp\/v2\/posts"}],"about":[{"href":"https:\/\/zonaroja.com.mx\/index.php?rest_route=\/wp\/v2\/types\/post"}],"author":[{"embeddable":true,"href":"https:\/\/zonaroja.com.mx\/index.php?rest_route=\/wp\/v2\/users\/2"}],"replies":[{"embeddable":true,"href":"https:\/\/zonaroja.com.mx\/index.php?rest_route=%2Fwp%2Fv2%2Fcomments&post=41673"}],"version-history":[{"count":1,"href":"https:\/\/zonaroja.com.mx\/index.php?rest_route=\/wp\/v2\/posts\/41673\/revisions"}],"predecessor-version":[{"id":41674,"href":"https:\/\/zonaroja.com.mx\/index.php?rest_route=\/wp\/v2\/posts\/41673\/revisions\/41674"}],"wp:featuredmedia":[{"embeddable":true,"href":"https:\/\/zonaroja.com.mx\/index.php?rest_route=\/wp\/v2\/media\/26407"}],"wp:attachment":[{"href":"https:\/\/zonaroja.com.mx\/index.php?rest_route=%2Fwp%2Fv2%2Fmedia&parent=41673"}],"wp:term":[{"taxonomy":"category","embeddable":true,"href":"https:\/\/zonaroja.com.mx\/index.php?rest_route=%2Fwp%2Fv2%2Fcategories&post=41673"},{"taxonomy":"post_tag","embeddable":true,"href":"https:\/\/zonaroja.com.mx\/index.php?rest_route=%2Fwp%2Fv2%2Ftags&post=41673"}],"curies":[{"name":"wp","href":"https:\/\/api.w.org\/{rel}","templated":true}]}}