{"id":41680,"date":"2022-05-27T08:39:16","date_gmt":"2022-05-27T13:39:16","guid":{"rendered":"http:\/\/www.zonaroja.com.mx\/?p=41680"},"modified":"2022-05-27T08:39:18","modified_gmt":"2022-05-27T13:39:18","slug":"en-mi-gobierno-no-habra-tolerancia-a-la-violencia-contra-las-mujeres-aaa","status":"publish","type":"post","link":"https:\/\/zonaroja.com.mx\/?p=41680","title":{"rendered":"En mi gobierno no habr\u00e1 tolerancia a la violencia contra las mujeres: AAA"},"content":{"rendered":"\n<p>Redacci\u00f3n\/Zona Roja.<\/p>\n\n\n\n<p>Oaxaca de Ju\u00e1rez, Oax., 27 de mayo de 2022.- Desde Santa Mar\u00eda Ipalapa, en la regi\u00f3n de la Sierra Sur, el candidato del PRI-PRD, Alejandro Avil\u00e9s \u00c1lvarez recalc\u00f3 que su gobierno brindar\u00e1 protecci\u00f3n y oportunidades para mejorar la condici\u00f3n de vida para todas las ni\u00f1as y mujeres de la entidad, con la finalidad de garantizar con justicia sus derechos y garant\u00edas dentro de la sociedad.<\/p>\n\n\n\n<p>En un encuentro masivo con militantes perredistas y priistas, el \u201cTriple A\u201d reiter\u00f3 que su administraci\u00f3n no tolerar\u00e1 la violencia contra las mujeres, y se ejecutar\u00e1n programas sociales para impulsar su desarrollo profesional y laboral en las ocho regiones.<\/p>\n\n\n\n<p>\u00abDesde el gobierno vamos a implementar un subsidio del 30% para el pago del recibo de luz, de internet y del costo del tanque de gas. Les brindaremos este apoyo para que ese dinero lo puedan destinar a otros gastos del hogar; adem\u00e1s triplicaremos el n\u00famero de empleos para que se inserten en el mercado laboral\u00bb, subray\u00f3.<\/p>\n\n\n\n<figure class=\"wp-block-embed is-type-rich is-provider-twitter wp-block-embed-twitter\"><div class=\"wp-block-embed__wrapper\">\n<div class=\"twitter-tweet\"><blockquote class=\"twitter-tweet\" data-lang=\"es\"><p lang=\"es\" dir=\"ltr\"><a href=\"https:\/\/twitter.com\/hashtag\/EleccionesOaxaca2022?src=hash&amp;ref_src=twsrc%5Etfw\">#EleccionesOaxaca2022<\/a> <br>\u201cYa viene un gobierno que brinde m\u00e1s servicios de salud, seguridad y oportunidades para todas y todos. \u00a1Vota por <a href=\"https:\/\/twitter.com\/hashtag\/ElTripleAGobernador?src=hash&amp;ref_src=twsrc%5Etfw\">#ElTripleAGobernador<\/a>!\u201d.<br>As\u00ed <a href=\"https:\/\/twitter.com\/_AvilesAlvarez?ref_src=twsrc%5Etfw\">@_AvilesAlvarez<\/a>, quien recorre hoy Putla Villa de Guerrero y Santa Mar\u00eda Ipalapa. <a href=\"https:\/\/t.co\/ClOeBh3ulJ\">pic.twitter.com\/ClOeBh3ulJ<\/a><\/p>&mdash; Zona Roja Oaxaca (@ZonaRoja_Oaxaca) <a href=\"https:\/\/twitter.com\/ZonaRoja_Oaxaca\/status\/1529993252304191488?ref_src=twsrc%5Etfw\">27 de mayo de 2022<\/a><\/blockquote><\/div>\n<\/div><\/figure>\n\n\n\n<p>En tanto, en los municipios de Putla Villa de Guerrero y la Heroica Ciudad de Tlaxiaco, Alejandro Avil\u00e9s anunci\u00f3 que como gobernador, generar\u00e1 condiciones para que j\u00f3venes, emprendedoras y emprendedores, as\u00ed como estudiantes y profesionistas, cuenten con las mismas oportunidades para desarrollar sus habilidades y destrezas en el sector productivo.<\/p>\n\n\n\n<p>\u00abLas y los universitarios que est\u00e9n en sus \u00faltimos semestres o reci\u00e9n egresados, tendr\u00e1n su primer trabajo asegurado. Para ello, pondremos en marcha el programa<\/p>\n\n\n\n<p>\u00abTu Primer Empleo\u00bb, con el que trabajaremos de la mano con las universidades, el sector privado y gobierno para que se inserten r\u00e1pidamente en una vacante laboral\u00bb, asent\u00f3.<\/p>\n\n\n\n<p>El \u201cTriple A\u201d, culmin\u00f3 sus actividades de precierre de campa\u00f1a en comunidades de la Sierra Sur y la Mixteca, donde miles de simpatizantes y militantes del PRD y del PRI, lo recibieron con los brazos abiertos y con muestras de cari\u00f1o y le expresaron que su triunfo ser\u00e1 contundente el pr\u00f3ximo 5 de junio.<\/p>\n","protected":false},"excerpt":{"rendered":"<p>Redacci\u00f3n\/Zona Roja. Oaxaca de Ju\u00e1rez, Oax., 27 de mayo de 2022.- Desde Santa Mar\u00eda Ipalapa,&hellip;<\/p>\n","protected":false},"author":2,"featured_media":41681,"comment_status":"closed","ping_status":"open","sticky":false,"template":"","format":"standard","meta":{"_lmt_disableupdate":"","_lmt_disable":"","_jetpack_memberships_contains_paid_content":false,"footnotes":""},"categories":[109,46],"tags":[316],"class_list":["post-41680","post","type-post","status-publish","format-standard","has-post-thumbnail","hentry","category-minuto-a-minuto","category-zona-blanca","tag-alejandro-aviles-alvarez"],"jetpack_featured_media_url":"https:\/\/zonaroja.com.mx\/wp-content\/uploads\/2022\/05\/Alejndro-Aviles-Sierra-Sur.jpg","jetpack_sharing_enabled":true,"_links":{"self":[{"href":"https:\/\/zonaroja.com.mx\/index.php?rest_route=\/wp\/v2\/posts\/41680","targetHints":{"allow":["GET"]}}],"collection":[{"href":"https:\/\/zonaroja.com.mx\/index.php?rest_route=\/wp\/v2\/posts"}],"about":[{"href":"https:\/\/zonaroja.com.mx\/index.php?rest_route=\/wp\/v2\/types\/post"}],"author":[{"embeddable":true,"href":"https:\/\/zonaroja.com.mx\/index.php?rest_route=\/wp\/v2\/users\/2"}],"replies":[{"embeddable":true,"href":"https:\/\/zonaroja.com.mx\/index.php?rest_route=%2Fwp%2Fv2%2Fcomments&post=41680"}],"version-history":[{"count":1,"href":"https:\/\/zonaroja.com.mx\/index.php?rest_route=\/wp\/v2\/posts\/41680\/revisions"}],"predecessor-version":[{"id":41682,"href":"https:\/\/zonaroja.com.mx\/index.php?rest_route=\/wp\/v2\/posts\/41680\/revisions\/41682"}],"wp:featuredmedia":[{"embeddable":true,"href":"https:\/\/zonaroja.com.mx\/index.php?rest_route=\/wp\/v2\/media\/41681"}],"wp:attachment":[{"href":"https:\/\/zonaroja.com.mx\/index.php?rest_route=%2Fwp%2Fv2%2Fmedia&parent=41680"}],"wp:term":[{"taxonomy":"category","embeddable":true,"href":"https:\/\/zonaroja.com.mx\/index.php?rest_route=%2Fwp%2Fv2%2Fcategories&post=41680"},{"taxonomy":"post_tag","embeddable":true,"href":"https:\/\/zonaroja.com.mx\/index.php?rest_route=%2Fwp%2Fv2%2Ftags&post=41680"}],"curies":[{"name":"wp","href":"https:\/\/api.w.org\/{rel}","templated":true}]}}