{"id":41684,"date":"2022-05-27T15:49:39","date_gmt":"2022-05-27T20:49:39","guid":{"rendered":"http:\/\/www.zonaroja.com.mx\/?p=41684"},"modified":"2022-05-27T15:49:40","modified_gmt":"2022-05-27T20:49:40","slug":"reitera-el-prd-denuncia-contra-funcionarios-de-amlo-por-andar-en-proselitismo","status":"publish","type":"post","link":"https:\/\/zonaroja.com.mx\/?p=41684","title":{"rendered":"Reitera el PRD denuncia contra funcionarios de AMLO por andar en proselitismo"},"content":{"rendered":"\n<p>Yuridiana Sosa\/Zona Roja<\/p>\n\n\n\n<p>Oaxaca de Ju\u00e1rez, Oax., 27 de mayo de 2022.- En la recta final de las campa\u00f1as electorales rumbo a la jornada del 5 de junio para el relevo de la gubernatura de Oaxaca, como en otras cinco entidades, el Partido de la Revoluci\u00f3n Democr\u00e1tica (PRD) reiter\u00f3 las acciones legales que han emprendido ante las violaciones electorales que funcionarios federales han cometido para beneficiar a los candidatos de Morena, como ocurri\u00f3 en Oaxaca el fin de semana.<\/p>\n\n\n\n<p>En su en\u00e9sima visita a la capital del estado, en respaldo a la candidatura com\u00fan del PRD-PRI que encabeza Alejandro Avil\u00e9s \u00c1lvarez, el dirigente nacional del PRD, Jes\u00fas Zambrano Grijalva, dio a conocer en conferencia de prensa sobre la denuncia ante el Instituto Nacional Electoral (INE) contra la jefa de gobierno de la Ciudad de M\u00e9xico, Claudia Sheinbaum y el secretario de Gobernaci\u00f3n, Ad\u00e1n Augusto L\u00f3pez, por participar en la campa\u00f1a electoral del candidato de Morena-PVEM-PT-PUP, Salom\u00f3n Jara Cruz.<\/p>\n\n\n\n<p>Pues ambos funcionarios federales estuvieron el fin de semana pasado en Oaxaca para realizar una gira con el abanderado de Morena, as\u00ed como lo hizo en otra entidad el titular de Relaciones Exteriores, Marcelo Ebrard, lo que transgrede los principios de imparcialidad y equidad en la contienda electoral, establecidos en el Art\u00edculo 134 constitucional.<\/p>\n\n\n\n<p>En ese sentido, dijo, se demand\u00f3 a que el INE establezca medidas cautelares para que los actores pol\u00edticos denunciados de Morena contin\u00faen con esas acciones, pues al mismo tiempo abandonan sus funciones gubernamentales.<\/p>\n\n\n\n<figure class=\"wp-block-embed is-type-rich is-provider-twitter wp-block-embed-twitter\"><div class=\"wp-block-embed__wrapper\">\n<div class=\"twitter-tweet\"><blockquote class=\"twitter-tweet\" data-lang=\"es\"><p lang=\"es\" dir=\"ltr\">El dirigente nacional del <a href=\"https:\/\/twitter.com\/PRDMexico?ref_src=twsrc%5Etfw\">@PRDMexico<\/a>, <a href=\"https:\/\/twitter.com\/Jesus_ZambranoG?ref_src=twsrc%5Etfw\">@Jesus_ZambranoG<\/a>, se encuentra en <a href=\"https:\/\/twitter.com\/hashtag\/Oaxaca?src=hash&amp;ref_src=twsrc%5Etfw\">#Oaxaca<\/a> en respaldo a <a href=\"https:\/\/twitter.com\/_AvilesAlvarez?ref_src=twsrc%5Etfw\">@_AvilesAlvarez<\/a>. <br>En conferencia de prensa, reitera invitaci\u00f3n a <a href=\"https:\/\/twitter.com\/NatyDiazPAN?ref_src=twsrc%5Etfw\">@NatyDiazPAN<\/a> a declinar a favor del candidato del PRI-PRD; a nivel nacional ya hay avances en pl\u00e1ticas, dijo. <a href=\"https:\/\/t.co\/q0IYa6M2fZ\">pic.twitter.com\/q0IYa6M2fZ<\/a><\/p>&mdash; Zona Roja Oaxaca (@ZonaRoja_Oaxaca) <a href=\"https:\/\/twitter.com\/ZonaRoja_Oaxaca\/status\/1530264952740761603?ref_src=twsrc%5Etfw\">27 de mayo de 2022<\/a><\/blockquote><\/div>\n<\/div><\/figure>\n\n\n\n<p>ERROR CONSOLIDAR LA 4T<\/p>\n\n\n\n<p>El dirigente del PRD, Jes\u00fas Zambrano, se\u00f1al\u00f3 como \u201cdesgracia nacional\u201d el triunfo de Morena en algunos estados donde habr\u00e1 elecciones a gobernador, lo cual confi\u00f3 no ocurrir\u00e1 en Oaxaca.<\/p>\n\n\n\n<p>Destac\u00f3 que los candidatos de Morena amedrentan a la poblaci\u00f3n diciendo que los programas federales les ser\u00e1n retirados si no gana este partido, lo cual es falso, pues en Oaxaca desde el PRI-PRD se prev\u00e9n restablecer en lo estatal los programas que desaparecieron con el actual gobierno de M\u00e9xico.&nbsp;<\/p>\n\n\n\n<p>Para garantizar el triunfo del candidato com\u00fan Avil\u00e9s \u00c1lvarez llam\u00f3 a los postulados de los partidos de oposici\u00f3n a sumarse en esta recta final por este proyecto y consolidar el triunfo sobre Morena.<\/p>\n\n\n\n<p>Para la jornada electoral, agreg\u00f3, el PRD cuenta con una estructura electoral importante para evitar que el partido oficial robe las elecciones.<\/p>\n","protected":false},"excerpt":{"rendered":"<p>Yuridiana Sosa\/Zona Roja Oaxaca de Ju\u00e1rez, Oax., 27 de mayo de 2022.- En la recta&hellip;<\/p>\n","protected":false},"author":2,"featured_media":41685,"comment_status":"closed","ping_status":"open","sticky":false,"template":"","format":"standard","meta":{"_lmt_disableupdate":"","_lmt_disable":"","_jetpack_memberships_contains_paid_content":false,"footnotes":""},"categories":[109,46],"tags":[2613],"class_list":["post-41684","post","type-post","status-publish","format-standard","has-post-thumbnail","hentry","category-minuto-a-minuto","category-zona-blanca","tag-jesus-zambrano-grijalva"],"jetpack_featured_media_url":"https:\/\/zonaroja.com.mx\/wp-content\/uploads\/2022\/05\/Jesus-Zambrano-en-Oaxaca.jpeg","jetpack_sharing_enabled":true,"_links":{"self":[{"href":"https:\/\/zonaroja.com.mx\/index.php?rest_route=\/wp\/v2\/posts\/41684","targetHints":{"allow":["GET"]}}],"collection":[{"href":"https:\/\/zonaroja.com.mx\/index.php?rest_route=\/wp\/v2\/posts"}],"about":[{"href":"https:\/\/zonaroja.com.mx\/index.php?rest_route=\/wp\/v2\/types\/post"}],"author":[{"embeddable":true,"href":"https:\/\/zonaroja.com.mx\/index.php?rest_route=\/wp\/v2\/users\/2"}],"replies":[{"embeddable":true,"href":"https:\/\/zonaroja.com.mx\/index.php?rest_route=%2Fwp%2Fv2%2Fcomments&post=41684"}],"version-history":[{"count":1,"href":"https:\/\/zonaroja.com.mx\/index.php?rest_route=\/wp\/v2\/posts\/41684\/revisions"}],"predecessor-version":[{"id":41686,"href":"https:\/\/zonaroja.com.mx\/index.php?rest_route=\/wp\/v2\/posts\/41684\/revisions\/41686"}],"wp:featuredmedia":[{"embeddable":true,"href":"https:\/\/zonaroja.com.mx\/index.php?rest_route=\/wp\/v2\/media\/41685"}],"wp:attachment":[{"href":"https:\/\/zonaroja.com.mx\/index.php?rest_route=%2Fwp%2Fv2%2Fmedia&parent=41684"}],"wp:term":[{"taxonomy":"category","embeddable":true,"href":"https:\/\/zonaroja.com.mx\/index.php?rest_route=%2Fwp%2Fv2%2Fcategories&post=41684"},{"taxonomy":"post_tag","embeddable":true,"href":"https:\/\/zonaroja.com.mx\/index.php?rest_route=%2Fwp%2Fv2%2Ftags&post=41684"}],"curies":[{"name":"wp","href":"https:\/\/api.w.org\/{rel}","templated":true}]}}