{"id":41690,"date":"2022-05-27T16:04:08","date_gmt":"2022-05-27T21:04:08","guid":{"rendered":"http:\/\/www.zonaroja.com.mx\/?p=41690"},"modified":"2022-05-27T16:04:09","modified_gmt":"2022-05-27T21:04:09","slug":"catean-domicilio-en-juchitan-y-aseguran-armas-y-50-kg-de-droga","status":"publish","type":"post","link":"https:\/\/zonaroja.com.mx\/?p=41690","title":{"rendered":"Catean domicilio en Juchit\u00e1n y aseguran armas y 50 kg de droga"},"content":{"rendered":"\n<p>Redacci\u00f3n\/Zona Roja.&nbsp;<\/p>\n\n\n\n<p>Oaxaca de Ju\u00e1rez, Oax., 27 de mayo de 2022.- En puntual seguimiento al caso, la Fiscal\u00eda General del Estado de Oaxaca (FGEO) coordin\u00f3 y ejecut\u00f3 un cateo en la Heroica Ciudad de Juchit\u00e1n de Zaragoza, en la regi\u00f3n del Istmo, donde asegur\u00f3 50 kilos de droga, adem\u00e1s de armas y cartuchos \u00fatiles.<\/p>\n\n\n\n<p>El cateo se realiz\u00f3 el pasado 25 de mayo del a\u00f1o en curso, a cargo de la Instituci\u00f3n de procuraci\u00f3n de justicia, a trav\u00e9s de la Agencia Estatal de Investigaciones (AEI), en coordinaci\u00f3n con la Secretar\u00eda de la Defensa Nacional (Sedena), Coordinaci\u00f3n Nacional Antisecuestro (Conase), con Guardia Nacional y elementos de la Secretar\u00eda de Seguridad P\u00fablica de Oaxaca (SSPO), dando cumplimiento a la orden de cateo correspondiente.<\/p>\n\n\n\n<p>El domicilio cateado se ubica en la colonia H\u00e9roes 5 de Septiembre de la S\u00e9ptima Secci\u00f3n de Juchit\u00e1n, donde la polic\u00eda investigadora de la FGEO asegur\u00f3 m\u00e1s de 50 kilogramos de hierba seca con caracter\u00edsticas de marihuana, dosis empaquetadas de coca\u00edna y cristal, as\u00ed como una escopeta y cartuchos \u00fatiles.<\/p>\n\n\n\n<p>Con acciones contundentes, la Fiscal\u00eda General da seguimiento a delitos que atentan contra la libertad de las y los oaxaque\u00f1os.<\/p>\n\n\n\n<p>(Comunicado)<\/p>\n","protected":false},"excerpt":{"rendered":"<p>Redacci\u00f3n\/Zona Roja.&nbsp; Oaxaca de Ju\u00e1rez, Oax., 27 de mayo de 2022.- En puntual seguimiento al&hellip;<\/p>\n","protected":false},"author":2,"featured_media":41691,"comment_status":"closed","ping_status":"open","sticky":false,"template":"","format":"standard","meta":{"_lmt_disableupdate":"","_lmt_disable":"","_jetpack_memberships_contains_paid_content":false,"footnotes":""},"categories":[109,46],"tags":[494],"class_list":["post-41690","post","type-post","status-publish","format-standard","has-post-thumbnail","hentry","category-minuto-a-minuto","category-zona-blanca","tag-fiscalia-general-del-estado-de-oaxaca"],"jetpack_featured_media_url":"https:\/\/zonaroja.com.mx\/wp-content\/uploads\/2022\/05\/Cateo-Fiscalia-Juchitan.jpeg","jetpack_sharing_enabled":true,"_links":{"self":[{"href":"https:\/\/zonaroja.com.mx\/index.php?rest_route=\/wp\/v2\/posts\/41690","targetHints":{"allow":["GET"]}}],"collection":[{"href":"https:\/\/zonaroja.com.mx\/index.php?rest_route=\/wp\/v2\/posts"}],"about":[{"href":"https:\/\/zonaroja.com.mx\/index.php?rest_route=\/wp\/v2\/types\/post"}],"author":[{"embeddable":true,"href":"https:\/\/zonaroja.com.mx\/index.php?rest_route=\/wp\/v2\/users\/2"}],"replies":[{"embeddable":true,"href":"https:\/\/zonaroja.com.mx\/index.php?rest_route=%2Fwp%2Fv2%2Fcomments&post=41690"}],"version-history":[{"count":1,"href":"https:\/\/zonaroja.com.mx\/index.php?rest_route=\/wp\/v2\/posts\/41690\/revisions"}],"predecessor-version":[{"id":41692,"href":"https:\/\/zonaroja.com.mx\/index.php?rest_route=\/wp\/v2\/posts\/41690\/revisions\/41692"}],"wp:featuredmedia":[{"embeddable":true,"href":"https:\/\/zonaroja.com.mx\/index.php?rest_route=\/wp\/v2\/media\/41691"}],"wp:attachment":[{"href":"https:\/\/zonaroja.com.mx\/index.php?rest_route=%2Fwp%2Fv2%2Fmedia&parent=41690"}],"wp:term":[{"taxonomy":"category","embeddable":true,"href":"https:\/\/zonaroja.com.mx\/index.php?rest_route=%2Fwp%2Fv2%2Fcategories&post=41690"},{"taxonomy":"post_tag","embeddable":true,"href":"https:\/\/zonaroja.com.mx\/index.php?rest_route=%2Fwp%2Fv2%2Ftags&post=41690"}],"curies":[{"name":"wp","href":"https:\/\/api.w.org\/{rel}","templated":true}]}}