{"id":41693,"date":"2022-05-27T20:40:04","date_gmt":"2022-05-28T01:40:04","guid":{"rendered":"http:\/\/www.zonaroja.com.mx\/?p=41693"},"modified":"2022-05-27T20:40:06","modified_gmt":"2022-05-28T01:40:06","slug":"acumula-hospital-civil-de-oaxaca-denuncias-por-mala-atencion-y-omision-de-sso","status":"publish","type":"post","link":"https:\/\/zonaroja.com.mx\/?p=41693","title":{"rendered":"Acumula Hospital Civil de Oaxaca denuncias por mala atenci\u00f3n y omisi\u00f3n de SSO"},"content":{"rendered":"\n<p>Yuridiana Sosa\/Zona Roja<\/p>\n\n\n\n<p>Oaxaca de Ju\u00e1rez, Oax., 27 de mayo de 2022.- El Hospital Civil \u201cDr. Aurelio Valdivieso\u201d, de los Servicios de Salud de Oaxaca, sigue acumulando denuncias de los usuarios por presuntas omisiones y mala atenci\u00f3n m\u00e9dica que ponen en riesgo la salud e integridad de los pacientes.<\/p>\n\n\n\n<p>El caso m\u00e1s reciente se present\u00f3 este viernes, pues familiares de un paciente con quemaduras de tercer grado en la mitad de su cuerpo, reportaron que la direcci\u00f3n del nosocomio, as\u00ed como los Servicios de Salud, han dilatado en autorizar el traslado a\u00e9reo del enfermo para una atenci\u00f3n especializada en la Ciudad de M\u00e9xico.<\/p>\n\n\n\n<p>En la denuncia p\u00fablica ante los medios de comunicaci\u00f3n, Juan Jos\u00e9 Gaspar Cruz se\u00f1al\u00f3 que el ingreso del paciente Juan Gaspar de 55 a\u00f1os \u2013originario de Santo Domingo Yanhuitl\u00e1n- qued\u00f3 autorizado por parte de un hospital en M\u00e9xico desde el mi\u00e9rcoles pasado, y solo falta la respuesta del Hospital Civil para realizar el traslado, pero ninguna autoridad m\u00e9dica le da informaci\u00f3n.<\/p>\n\n\n\n<p>La tardanza para la atenci\u00f3n especializada del hombre, con quemaduras de tercer grado, puede afectar la recuperaci\u00f3n y el estado actual de salud, pues actualmente se encuentra intubado.<\/p>\n\n\n\n<figure class=\"wp-block-embed is-type-rich is-provider-twitter wp-block-embed-twitter\"><div class=\"wp-block-embed__wrapper\">\n<div class=\"twitter-tweet\"><blockquote class=\"twitter-tweet\" data-lang=\"es\"><p lang=\"es\" dir=\"ltr\"><a href=\"https:\/\/twitter.com\/hashtag\/%C3%9AltimoMinuto?src=hash&amp;ref_src=twsrc%5Etfw\">#\u00daltimoMinuto<\/a> <br>Familiares de paciente quemado   en el Hospital Civil \u201cDr. Aurelio Valdivieso\u201d, denuncian que los <a href=\"https:\/\/twitter.com\/SSO_GobOax?ref_src=twsrc%5Etfw\">@SSO_GobOax<\/a> les niega una ambulancia a\u00e9rea para ser trasladado a un hospital de especialidad en la Ciudad de M\u00e9xico. <a href=\"https:\/\/t.co\/aGqg4OLNjd\">pic.twitter.com\/aGqg4OLNjd<\/a><\/p>&mdash; Zona Roja Oaxaca (@ZonaRoja_Oaxaca) <a href=\"https:\/\/twitter.com\/ZonaRoja_Oaxaca\/status\/1530241147511226368?ref_src=twsrc%5Etfw\">27 de mayo de 2022<\/a><\/blockquote><\/div>\n<\/div><\/figure>\n\n\n\n<p>OTRAS MALAS ATENCIONES<\/p>\n\n\n\n<p>Pero tan solo en el transcurso del \u00faltimo a\u00f1o se han reportado diferentes actos contra la atenci\u00f3n de la poblaci\u00f3n.<\/p>\n\n\n\n<p>Entre los casos que sobresalen se encuentra el de la saxofonista Mar\u00eda Elena R\u00edos, que tras ser atacada con \u00e1cido y resultar con graves quemaduras en el rostro y brazos, en septiembre de 2019 en Huajuapan de Le\u00f3n, fue atendida en el Hospital Civil de Oaxaca, pero de forma inadecuada.<\/p>\n\n\n\n<p>En diciembre de 2019 su familia denunci\u00f3 que en dicho nosocomio la joven no recib\u00eda la atenci\u00f3n m\u00e9dica suficiente para su recuperaci\u00f3n, y la manten\u00edan en cama sin los cuidados m\u00e9dicos que la ayudaran a mejorar.<\/p>\n\n\n\n<p>En enero de 2020, otra familia de escasos recursos denunci\u00f3 medi\u00e1ticamente que el Hospital Civil le hab\u00eda negado atenci\u00f3n m\u00e9dica gratuita a un menor de edad que presentaba ceguera y requer\u00eda de una cirug\u00eda.<\/p>\n\n\n\n<p>Durante la pandemia surgieron diversos casos de negligencia por rechazar atenciones, entre estos, en abril de 2021 se difundi\u00f3 el caso de la muerte de una mujer embarazada a bordo de un veh\u00edculo luego de ser recibida en el nosocomio a falta de personal m\u00e9dico.<\/p>\n\n\n\n<p>Pero las denuncias tambi\u00e9n se han registrado en m\u00faltiples ocasiones por el personal m\u00e9dico y trabajadores de diferentes \u00e1reas.<\/p>\n\n\n\n<p>La manifestaci\u00f3n m\u00e1s reciente la encabezan M\u00e9dicos Internos de Pregrado (MIP) Hospital Civil \u201cDr. Aurelio Valdivieso\u201d por violaciones a sus derechos humanos y laborales.<\/p>\n\n\n\n<p>Los m\u00e9dicos residentes exigen a los Servicios de Salud de Oaxaca garant\u00edas para su trabajo, desde mejores salarios, uniformes, mejores condiciones de las \u00e1reas, hasta alimentos sin gusanos \u2013como actualmente los reciben.<\/p>\n\n\n\n<p>Adem\u00e1s, sostienen la demanda de insumos m\u00e9dicos y medicinas que han reiterado los trabajadores con \u00e9nfasis desde el inicio de la contingencia sanitaria por covid, lo cual los limita es una mejor atenci\u00f3n a la poblaci\u00f3n.<\/p>\n","protected":false},"excerpt":{"rendered":"<p>Yuridiana Sosa\/Zona Roja Oaxaca de Ju\u00e1rez, Oax., 27 de mayo de 2022.- El Hospital Civil&hellip;<\/p>\n","protected":false},"author":2,"featured_media":41694,"comment_status":"closed","ping_status":"open","sticky":false,"template":"","format":"standard","meta":{"_lmt_disableupdate":"","_lmt_disable":"","_jetpack_memberships_contains_paid_content":false,"footnotes":""},"categories":[109,47],"tags":[1005],"class_list":["post-41693","post","type-post","status-publish","format-standard","has-post-thumbnail","hentry","category-minuto-a-minuto","category-zona-gris","tag-servicios-de-salud-de-oaxaca-sso"],"jetpack_featured_media_url":"https:\/\/zonaroja.com.mx\/wp-content\/uploads\/2022\/05\/Queja-Hospital-Civil-traslado-aereo.jpg","jetpack_sharing_enabled":true,"_links":{"self":[{"href":"https:\/\/zonaroja.com.mx\/index.php?rest_route=\/wp\/v2\/posts\/41693","targetHints":{"allow":["GET"]}}],"collection":[{"href":"https:\/\/zonaroja.com.mx\/index.php?rest_route=\/wp\/v2\/posts"}],"about":[{"href":"https:\/\/zonaroja.com.mx\/index.php?rest_route=\/wp\/v2\/types\/post"}],"author":[{"embeddable":true,"href":"https:\/\/zonaroja.com.mx\/index.php?rest_route=\/wp\/v2\/users\/2"}],"replies":[{"embeddable":true,"href":"https:\/\/zonaroja.com.mx\/index.php?rest_route=%2Fwp%2Fv2%2Fcomments&post=41693"}],"version-history":[{"count":1,"href":"https:\/\/zonaroja.com.mx\/index.php?rest_route=\/wp\/v2\/posts\/41693\/revisions"}],"predecessor-version":[{"id":41695,"href":"https:\/\/zonaroja.com.mx\/index.php?rest_route=\/wp\/v2\/posts\/41693\/revisions\/41695"}],"wp:featuredmedia":[{"embeddable":true,"href":"https:\/\/zonaroja.com.mx\/index.php?rest_route=\/wp\/v2\/media\/41694"}],"wp:attachment":[{"href":"https:\/\/zonaroja.com.mx\/index.php?rest_route=%2Fwp%2Fv2%2Fmedia&parent=41693"}],"wp:term":[{"taxonomy":"category","embeddable":true,"href":"https:\/\/zonaroja.com.mx\/index.php?rest_route=%2Fwp%2Fv2%2Fcategories&post=41693"},{"taxonomy":"post_tag","embeddable":true,"href":"https:\/\/zonaroja.com.mx\/index.php?rest_route=%2Fwp%2Fv2%2Ftags&post=41693"}],"curies":[{"name":"wp","href":"https:\/\/api.w.org\/{rel}","templated":true}]}}