{"id":41696,"date":"2022-05-27T21:20:37","date_gmt":"2022-05-28T02:20:37","guid":{"rendered":"http:\/\/www.zonaroja.com.mx\/?p=41696"},"modified":"2022-05-27T21:20:39","modified_gmt":"2022-05-28T02:20:39","slug":"costenos-van-por-un-verdadero-gobierno-del-pueblo-con-jara","status":"publish","type":"post","link":"https:\/\/zonaroja.com.mx\/?p=41696","title":{"rendered":"Coste\u00f1os van por un \u201cverdadero gobierno del pueblo\u201d, con Jara"},"content":{"rendered":"\n<p>Redacci\u00f3n\/Zona Roja.<\/p>\n\n\n\n<p>Oaxaca de Ju\u00e1rez, Oax., a 27 de mayo de 2022.- Una multitud de militantes, simpatizantes y seguidores de la Coalici\u00f3n \u00abJuntos Hacemos Historia en Oaxaca\u00bb en San Pedro Pochutla, se comprometi\u00f3 a promover y defender a favor de su candidato a la gubernatura Salom\u00f3n Jara Cruz para hacer \u00abun verdadero gobierno del pueblo\u00bb.<\/p>\n\n\n\n<p>Ante los gritos de \u00abgobernador, gobernador\u00bb, Jara Cruz respondi\u00f3 a los miles de asistentes que ahora as\u00ed \u00abel pueblo tendr\u00e1 el poder de decidir que quiere y que necesita\u00bb.<\/p>\n\n\n\n<p>\u00abNadie conoce realmente lo que necesita m\u00e1s que las mismas personas que sufren y carecen de lo b\u00e1sico en el campo, en los hospitales o en las escuelas\u00bb, subray\u00f3.<\/p>\n\n\n\n<p>Jara Cruz reiter\u00f3 que si el voto le favorece y llega al palacio de gobierno, seis d\u00edas de la semana los dedicar\u00e1 recorrer cada comunidad de Oaxaca para atender personalmente las necesidades de la gente.<\/p>\n\n\n\n<p>Por otra parte, reiter\u00f3 su llamado para fortalecer la presencia de las mujeres en el pr\u00f3ximo gobierno con acciones que les permitan desarrollar todo su potencial y atender temas urgentes como la f\u00e9rrea defensa de su seguridad f\u00edsica y emocional.<\/p>\n\n\n\n<p>El abanderado de la Cuarta Transformaci\u00f3n asegur\u00f3 que en los cinco ejes de su plan de gobierno se asegura la perspectiva y transversalidad de g\u00e9nero, es decir, que todas las acciones tendr\u00e1n los ojos y esp\u00edritu de las mujeres.<\/p>\n\n\n\n<figure class=\"wp-block-embed is-type-rich is-provider-twitter wp-block-embed-twitter\"><div class=\"wp-block-embed__wrapper\">\n<div class=\"twitter-tweet\"><blockquote class=\"twitter-tweet\" data-lang=\"es\"><p lang=\"es\" dir=\"ltr\"><a href=\"https:\/\/twitter.com\/hashtag\/EleccionesOaxaca2022?src=hash&amp;ref_src=twsrc%5Etfw\">#EleccionesOaxaca2022<\/a> <br>Miles de personas se suman este viernes a <a href=\"https:\/\/twitter.com\/salomonj?ref_src=twsrc%5Etfw\">@salomonj<\/a> en Pinotepa Nacional. <br>\u201cLa gira de la esperanza hoy se ilumina con la presencia de mi amiga <a href=\"https:\/\/twitter.com\/MaluMicher?ref_src=twsrc%5Etfw\">@MaluMicher<\/a>, un referente de la lucha de las mujeres y por la transformaci\u00f3n de M\u00e9xico\u201d, dijo el candidato. <a href=\"https:\/\/t.co\/5dSzCZ1x7Q\">pic.twitter.com\/5dSzCZ1x7Q<\/a><\/p>&mdash; Zona Roja Oaxaca (@ZonaRoja_Oaxaca) <a href=\"https:\/\/twitter.com\/ZonaRoja_Oaxaca\/status\/1530303889521754119?ref_src=twsrc%5Etfw\">27 de mayo de 2022<\/a><\/blockquote><\/div>\n<\/div><\/figure>\n\n\n\n<p>TAMBI\u00c9N PINOTEPA<\/p>\n\n\n\n<p>En tanto en Pinotepa Nacional, el diputado federal Gerardo Fern\u00e1ndez Noro\u00f1a asegur\u00f3 que Salom\u00f3n Jara Cruz, candidato de la Coalici\u00f3n \u201cJuntos Hacemos Historia en Oaxaca\u201d al gobierno del Estado, representa la lucha que por d\u00e9cadas cientos de oaxaque\u00f1os emprendieron para lograr el desarrollo de la entidad.<\/p>\n\n\n\n<p>Dijo que Jara Cruz es el \u00fanico candidato que representa luchas, esfuerzos y compromisos surgidos del pueblo, de ah\u00ed que \u201ceste domingo, la noche del 5 de junio ya tendremos gobernador de Oaxaca y se llama Salom\u00f3n Jara\u201d.<\/p>\n\n\n\n<p>Fern\u00e1ndez Noro\u00f1a pidi\u00f3 a la ciudadan\u00eda no olvidar que ser\u00e1 la hora del pueblo, el momento en el cual decidir\u00e1 hasta d\u00f3nde, con qu\u00e9 profundidad y con qu\u00e9 rumbo se seguir\u00e1 realizando la revoluci\u00f3n sin violencia denominada Cuarta Transformaci\u00f3n.<\/p>\n\n\n\n<p>El candidato de los partidos Morena, Verde Ecologista, PUP y PT, Salom\u00f3n Jara asegur\u00f3 que el pr\u00f3ximo 5 de junio, la ciudadan\u00eda tendr\u00e1 la oportunidad hist\u00f3rica de mandar al basurero de la \u00abhistoria a los partidos corruptos que han saqueado y empobrecido al Estado y, tambien podr\u00e1n elegir que florezca la primavera oaxaque\u00f1a.&nbsp;<\/p>\n\n\n\n<p>\u201cLes pido la oportunidad para ser un gobierno de la gente, que est\u00e9 conformado por oaxaque\u00f1as y oaxaque\u00f1os quienes replicar\u00e1n los valores y costumbres de los pueblos originarios, y trabajar\u00e1n incansablemente recorriendo cada municipio para conocer y dar respuestas a las necesidades de la poblaci\u00f3n\u201d, asever\u00f3.&nbsp;<\/p>\n\n\n\n<p>Hizo \u00e9nfasis en que los cinco ejes que contempla su plan de gobierno, son acciones construidas desde las mismas comunidades que ha recorrido en m\u00e1s de 30 a\u00f1os de lucha, mediante las cuales se atender\u00e1n demandas primordiales como la salud, la seguridad, el desempleo entre otros aspectos.<\/p>\n\n\n\n<p>En tanto, en su intervenci\u00f3n la tambi\u00e9n referente de Morena Martha Luc\u00eda Micher, consider\u00f3 que con Salom\u00f3n se han dado importantes pasos a favor de la igualdad de g\u00e9nero, por lo que votar por el significa votar por un cambio a favor de las mujeres.<\/p>\n","protected":false},"excerpt":{"rendered":"<p>Redacci\u00f3n\/Zona Roja. Oaxaca de Ju\u00e1rez, Oax., a 27 de mayo de 2022.- Una multitud de&hellip;<\/p>\n","protected":false},"author":2,"featured_media":41697,"comment_status":"closed","ping_status":"open","sticky":false,"template":"","format":"standard","meta":{"_lmt_disableupdate":"","_lmt_disable":"","_jetpack_memberships_contains_paid_content":false,"footnotes":""},"categories":[109,46],"tags":[939],"class_list":["post-41696","post","type-post","status-publish","format-standard","has-post-thumbnail","hentry","category-minuto-a-minuto","category-zona-blanca","tag-salomon-jara-cruz"],"jetpack_featured_media_url":"https:\/\/zonaroja.com.mx\/wp-content\/uploads\/2022\/05\/Salomon-Jara-Costa-1.jpg","jetpack_sharing_enabled":true,"_links":{"self":[{"href":"https:\/\/zonaroja.com.mx\/index.php?rest_route=\/wp\/v2\/posts\/41696","targetHints":{"allow":["GET"]}}],"collection":[{"href":"https:\/\/zonaroja.com.mx\/index.php?rest_route=\/wp\/v2\/posts"}],"about":[{"href":"https:\/\/zonaroja.com.mx\/index.php?rest_route=\/wp\/v2\/types\/post"}],"author":[{"embeddable":true,"href":"https:\/\/zonaroja.com.mx\/index.php?rest_route=\/wp\/v2\/users\/2"}],"replies":[{"embeddable":true,"href":"https:\/\/zonaroja.com.mx\/index.php?rest_route=%2Fwp%2Fv2%2Fcomments&post=41696"}],"version-history":[{"count":1,"href":"https:\/\/zonaroja.com.mx\/index.php?rest_route=\/wp\/v2\/posts\/41696\/revisions"}],"predecessor-version":[{"id":41698,"href":"https:\/\/zonaroja.com.mx\/index.php?rest_route=\/wp\/v2\/posts\/41696\/revisions\/41698"}],"wp:featuredmedia":[{"embeddable":true,"href":"https:\/\/zonaroja.com.mx\/index.php?rest_route=\/wp\/v2\/media\/41697"}],"wp:attachment":[{"href":"https:\/\/zonaroja.com.mx\/index.php?rest_route=%2Fwp%2Fv2%2Fmedia&parent=41696"}],"wp:term":[{"taxonomy":"category","embeddable":true,"href":"https:\/\/zonaroja.com.mx\/index.php?rest_route=%2Fwp%2Fv2%2Fcategories&post=41696"},{"taxonomy":"post_tag","embeddable":true,"href":"https:\/\/zonaroja.com.mx\/index.php?rest_route=%2Fwp%2Fv2%2Ftags&post=41696"}],"curies":[{"name":"wp","href":"https:\/\/api.w.org\/{rel}","templated":true}]}}