{"id":41699,"date":"2022-05-28T09:07:00","date_gmt":"2022-05-28T14:07:00","guid":{"rendered":"http:\/\/www.zonaroja.com.mx\/?p=41699"},"modified":"2022-05-28T07:18:17","modified_gmt":"2022-05-28T12:18:17","slug":"don-mauro-de-bolero-a-figura-de-las-competencias-atleticas-en-oaxaca","status":"publish","type":"post","link":"https:\/\/zonaroja.com.mx\/?p=41699","title":{"rendered":"Don Mauro, de bolero a figura de las competencias atl\u00e9ticas en Oaxaca"},"content":{"rendered":"\n<p>Yuridiana Sosa\/Zona Roja.<\/p>\n\n\n\n<p>Oaxaca de Ju\u00e1rez, Oax., 28 de mayo de 2022.-Con l\u00e1grimas en los ojos, conmovido y sorprendido, don Mauro recibi\u00f3 su medalla y playera conmemorativa que lo reconocen como competidor del Trail Tamazul\u00e1pam \u00abR\u00edo de los Sapos\u00bb, luego del desafortunado retiro de la presea al final de la competencia del pasado 22 de mayo.<\/p>\n\n\n\n<p>Don Mauro Garc\u00eda ha tocado corazones y despertado en cientos de oaxaque\u00f1os el sentido de querer es poder.<\/p>\n\n\n\n<p>Desde el pasado 22 de mayo, sus d\u00edas se han llenado de reconocimiento a su esfuerzo tras competir en dicho trail de 18 kil\u00f3metros s\u00f3lo son sus anhelos y con huaraches de llantas. Pas\u00f3 de ser a un bolero com\u00fan a una figura en estas competencias.<\/p>\n\n\n\n<p>MERECIDA JUSTICIA<\/p>\n\n\n\n<p>En su rostro hab\u00eda algo de desconcierto porque le hab\u00edan quitado una medalla por no pagar la inscripci\u00f3n, pero ahora es popular.<\/p>\n\n\n\n<p>\u201cYo no dije nada\u201d, expres\u00f3 don Mauro en su encuentro con el presidente municipal de Villa de Tamazul\u00e1pam del Progreso, Ramiro Quiroz Salcedo, y con el director de Deportes Municipal y organizador de la primera edici\u00f3n del Trail Tamazul\u00e1pam, Edgar Ram\u00edrez V\u00e1squez, ocurrido el pasado 24 de mayo.<\/p>\n\n\n\n<p>El motivo de su estancia ante las autoridades, en la que estuvo acompa\u00f1ado por sus familiares, fue para recibir una disculpa p\u00fablica, pero don Mauro quiso reiterar que s\u00f3lo le naci\u00f3 el inter\u00e9s de participar sin imaginar sus resultados, es m\u00e1s, \u00e9l no dijo nada sobre el retiro de su medalla.<\/p>\n\n\n\n<figure class=\"wp-block-embed is-type-rich is-provider-twitter wp-block-embed-twitter\"><div class=\"wp-block-embed__wrapper\">\n<div class=\"twitter-tweet\"><blockquote class=\"twitter-tweet\" data-lang=\"es\"><p lang=\"es\" dir=\"ltr\">\ud83d\udc4f\ud83d\udc4f\ud83d\udc4f\ud83d\udc4f\ud83d\udc4f<br>\u00a1Le hacen justicia! <br>Organizadores del Trail Tamazul\u00e1pam en el R\u00edo de los Sapos se reunieron con Mauro Garc\u00eda, el entusiasta corredor originario de la Mixteca de <a href=\"https:\/\/twitter.com\/hashtag\/Oaxaca?src=hash&amp;ref_src=twsrc%5Etfw\">#Oaxaca<\/a>, a quien tras cruzar la meta le fuera retirada la medalla por no haberse inscrito.<br>Fotos: Cortes\u00eda <a href=\"https:\/\/t.co\/R958t378Hx\">pic.twitter.com\/R958t378Hx<\/a><\/p>&mdash; Zona Roja Oaxaca (@ZonaRoja_Oaxaca) <a href=\"https:\/\/twitter.com\/ZonaRoja_Oaxaca\/status\/1530188948697382913?ref_src=twsrc%5Etfw\">27 de mayo de 2022<\/a><\/blockquote><\/div>\n<\/div><\/figure>\n\n\n\n<p>En el encuentro, Ram\u00edrez V\u00e1squez lament\u00f3 que por razones de log\u00edstica se haya actuado de esta forma contra don Mauro, un hombre de la tercera edad, pero lo cual tampoco estuvo relacionado un tema de discriminaci\u00f3n.<\/p>\n\n\n\n<p>Por medio de un comunicado y en la pl\u00e1tica, reiter\u00f3 que desde lo ocurrido, de forma inmediata se trat\u00f3 de localizar al hombre y horas despu\u00e9s, tambi\u00e9n se hizo lo necesario para contactar a los familiares y enmendar el error.<\/p>\n\n\n\n<p>Mientras que el presidente municipal invit\u00f3 a don Mauro Garc\u00eda a participar en la pr\u00f3xima edici\u00f3n de la competencia en el 2023.<\/p>\n\n\n\n<p>Los familiares como el propio Mauro tambi\u00e9n agradecieron la disposici\u00f3n de las autoridades para realizar esta entrega.<\/p>\n\n\n\n<p>FIGURA DE LAS COMPETENCIAS<\/p>\n\n\n\n<p>Don Mauro Garc\u00eda se rob\u00f3 las miradas y la atenci\u00f3n de los oaxaque\u00f1os de la primera edici\u00f3n del Trail Tamazul\u00e1pam \u00abR\u00edo de los Sapos\u00bb.<\/p>\n\n\n\n<p>Su fotograf\u00eda en la que resalta su \u00edmpetu en cruzar terrenos abruptos con huaraches de llanta, pantal\u00f3n de mezclilla, gorra y una playera que el pecho dec\u00eda: \u201cMake a wish\u201d (pide un deseo).<\/p>\n\n\n\n<p>Desde que se dio a conocer que la medalla en esta competencia le fue retirada al hombre por no pagar una inscripci\u00f3n, algunas empresas en Oaxaca lanzaron campa\u00f1as para buscarlo e invitarlo a participar en sus competencias, como ocurri\u00f3 con la casa de pr\u00e9stamos Acreimex, quien le otorga participaci\u00f3n directa al \u201cMedio Marat\u00f3n Internacional con causa\u201d, que se realizar\u00e1 en la ciudad de Oaxaca.<\/p>\n\n\n\n<p>Incluso la fotograf\u00eda de Mauro ya forma parte de uno de los anuncios de dicha justa.<\/p>\n","protected":false},"excerpt":{"rendered":"<p>Yuridiana Sosa\/Zona Roja. Oaxaca de Ju\u00e1rez, Oax., 28 de mayo de 2022.-Con l\u00e1grimas en los&hellip;<\/p>\n","protected":false},"author":2,"featured_media":41700,"comment_status":"closed","ping_status":"open","sticky":false,"template":"","format":"standard","meta":{"_lmt_disableupdate":"","_lmt_disable":"","_jetpack_memberships_contains_paid_content":false,"footnotes":""},"categories":[109,47],"tags":[3151],"class_list":["post-41699","post","type-post","status-publish","format-standard","has-post-thumbnail","hentry","category-minuto-a-minuto","category-zona-gris","tag-trail-tamazulapam"],"jetpack_featured_media_url":"https:\/\/zonaroja.com.mx\/wp-content\/uploads\/2022\/05\/don-Mauro-corredor-Mixteca.jpg","jetpack_sharing_enabled":true,"_links":{"self":[{"href":"https:\/\/zonaroja.com.mx\/index.php?rest_route=\/wp\/v2\/posts\/41699","targetHints":{"allow":["GET"]}}],"collection":[{"href":"https:\/\/zonaroja.com.mx\/index.php?rest_route=\/wp\/v2\/posts"}],"about":[{"href":"https:\/\/zonaroja.com.mx\/index.php?rest_route=\/wp\/v2\/types\/post"}],"author":[{"embeddable":true,"href":"https:\/\/zonaroja.com.mx\/index.php?rest_route=\/wp\/v2\/users\/2"}],"replies":[{"embeddable":true,"href":"https:\/\/zonaroja.com.mx\/index.php?rest_route=%2Fwp%2Fv2%2Fcomments&post=41699"}],"version-history":[{"count":2,"href":"https:\/\/zonaroja.com.mx\/index.php?rest_route=\/wp\/v2\/posts\/41699\/revisions"}],"predecessor-version":[{"id":41702,"href":"https:\/\/zonaroja.com.mx\/index.php?rest_route=\/wp\/v2\/posts\/41699\/revisions\/41702"}],"wp:featuredmedia":[{"embeddable":true,"href":"https:\/\/zonaroja.com.mx\/index.php?rest_route=\/wp\/v2\/media\/41700"}],"wp:attachment":[{"href":"https:\/\/zonaroja.com.mx\/index.php?rest_route=%2Fwp%2Fv2%2Fmedia&parent=41699"}],"wp:term":[{"taxonomy":"category","embeddable":true,"href":"https:\/\/zonaroja.com.mx\/index.php?rest_route=%2Fwp%2Fv2%2Fcategories&post=41699"},{"taxonomy":"post_tag","embeddable":true,"href":"https:\/\/zonaroja.com.mx\/index.php?rest_route=%2Fwp%2Fv2%2Ftags&post=41699"}],"curies":[{"name":"wp","href":"https:\/\/api.w.org\/{rel}","templated":true}]}}