{"id":41703,"date":"2022-05-28T07:20:36","date_gmt":"2022-05-28T12:20:36","guid":{"rendered":"http:\/\/www.zonaroja.com.mx\/?p=41703"},"modified":"2022-05-28T07:20:37","modified_gmt":"2022-05-28T12:20:37","slug":"detienen-policias-de-la-sspo-a-probable-lider-criminal","status":"publish","type":"post","link":"https:\/\/zonaroja.com.mx\/?p=41703","title":{"rendered":"Detienen polic\u00edas de la SSPO a probable l\u00edder criminal"},"content":{"rendered":"\n<p>Redacci\u00f3n\/Zona Roja.<\/p>\n\n\n\n<p>Oaxaca de Ju\u00e1rez, Oax., a 28 de mayo de 2022.- Un hombre que se identific\u00f3 como German D. E., fue detenida ayer por portaci\u00f3n de droga en un operativo de vigilancia y disuasi\u00f3n efectuado por elementos de la Polic\u00eda Estatal y fuerzas de seguridad federal.<\/p>\n\n\n\n<p>De acuerdo con la Secretar\u00eda de Seguridad P\u00fablica de Oaxaca (SSPO), se trata de Roger C.S, Alias \u201cEl Rojo\u201d, presunto l\u00edder de la banda delincuencia denominada \u201cLos Tapaneros\u201d dedicado al tr\u00e1fico de migrantes, drogas, y extorsiones que operaba en la regi\u00f3n del Istmo.<\/p>\n\n\n\n<p>Seg\u00fan el reporte oficial, luego de su aseguramiento, y seg\u00fan sus rasgos fision\u00f3micos, el sujeto fue investigado e identificado con Roger C.S., acusado adem\u00e1s del delito de desaparici\u00f3n forzada.<\/p>\n\n\n\n<p>Durante su detenci\u00f3n, los uniformados le hallaron en al interior de una mochila drogas como marihuana y cristal y coca\u00edna.<\/p>\n\n\n\n<p>Por tal motivo fue puesto a disposici\u00f3n de la Fiscal\u00eda General del Estado de Oaxaca, para que definan su situaci\u00f3n jur\u00eddica por la portaci\u00f3n de drogas y por sus v\u00ednculos con la banda delictiva, se\u00f1alada como generadora de violencia en la regi\u00f3n del Istmo.&nbsp;<\/p>\n","protected":false},"excerpt":{"rendered":"<p>Redacci\u00f3n\/Zona Roja. Oaxaca de Ju\u00e1rez, Oax., a 28 de mayo de 2022.- Un hombre que&hellip;<\/p>\n","protected":false},"author":2,"featured_media":41704,"comment_status":"closed","ping_status":"open","sticky":false,"template":"","format":"standard","meta":{"_lmt_disableupdate":"","_lmt_disable":"","_jetpack_memberships_contains_paid_content":false,"footnotes":""},"categories":[109,46],"tags":[1421],"class_list":["post-41703","post","type-post","status-publish","format-standard","has-post-thumbnail","hentry","category-minuto-a-minuto","category-zona-blanca","tag-secretaria-de-seguridad-publica-de-oaxaca-sspo"],"jetpack_featured_media_url":"https:\/\/zonaroja.com.mx\/wp-content\/uploads\/2022\/05\/Detenido-Roger-Cabrera.jpg","jetpack_sharing_enabled":true,"_links":{"self":[{"href":"https:\/\/zonaroja.com.mx\/index.php?rest_route=\/wp\/v2\/posts\/41703","targetHints":{"allow":["GET"]}}],"collection":[{"href":"https:\/\/zonaroja.com.mx\/index.php?rest_route=\/wp\/v2\/posts"}],"about":[{"href":"https:\/\/zonaroja.com.mx\/index.php?rest_route=\/wp\/v2\/types\/post"}],"author":[{"embeddable":true,"href":"https:\/\/zonaroja.com.mx\/index.php?rest_route=\/wp\/v2\/users\/2"}],"replies":[{"embeddable":true,"href":"https:\/\/zonaroja.com.mx\/index.php?rest_route=%2Fwp%2Fv2%2Fcomments&post=41703"}],"version-history":[{"count":1,"href":"https:\/\/zonaroja.com.mx\/index.php?rest_route=\/wp\/v2\/posts\/41703\/revisions"}],"predecessor-version":[{"id":41705,"href":"https:\/\/zonaroja.com.mx\/index.php?rest_route=\/wp\/v2\/posts\/41703\/revisions\/41705"}],"wp:featuredmedia":[{"embeddable":true,"href":"https:\/\/zonaroja.com.mx\/index.php?rest_route=\/wp\/v2\/media\/41704"}],"wp:attachment":[{"href":"https:\/\/zonaroja.com.mx\/index.php?rest_route=%2Fwp%2Fv2%2Fmedia&parent=41703"}],"wp:term":[{"taxonomy":"category","embeddable":true,"href":"https:\/\/zonaroja.com.mx\/index.php?rest_route=%2Fwp%2Fv2%2Fcategories&post=41703"},{"taxonomy":"post_tag","embeddable":true,"href":"https:\/\/zonaroja.com.mx\/index.php?rest_route=%2Fwp%2Fv2%2Ftags&post=41703"}],"curies":[{"name":"wp","href":"https:\/\/api.w.org\/{rel}","templated":true}]}}