{"id":41706,"date":"2022-05-28T07:45:49","date_gmt":"2022-05-28T12:45:49","guid":{"rendered":"http:\/\/www.zonaroja.com.mx\/?p=41706"},"modified":"2022-05-28T07:45:50","modified_gmt":"2022-05-28T12:45:50","slug":"se-forma-primera-tormenta-tropical-en-costas-de-oaxaca","status":"publish","type":"post","link":"https:\/\/zonaroja.com.mx\/?p=41706","title":{"rendered":"Se forma primera Tormenta Tropical en costas de Oaxaca"},"content":{"rendered":"\n<p>Redacci\u00f3n\/Zona Roja.<\/p>\n\n\n\n<p>Oaxaca de Ju\u00e1rez, Oax., 28 de mayo de 2022.- La Depresi\u00f3n Tropical se convirti\u00f3 esta madrugada en Tormenta Tropical \u201cAghata\u201d, el primer fen\u00f3meno meteorol\u00f3gico de este tipo en las costas del estado de Oaxaca.<\/p>\n\n\n\n<p>De acuerdo con reportes de la Comisi\u00f3n Nacional del Agua (Conagua) y de la Coordinaci\u00f3n Estatal de Protecci\u00f3n Civil de Oaxaca, se contin\u00faa intensificando y podr\u00eda intensificarse en las pr\u00f3ximas horas a categor\u00eda de hurac\u00e1n.<\/p>\n\n\n\n<p>Alrededor de las 04:00 horas de este s\u00e1bado se localizaba a 355 kil\u00f3metros al sur-suroeste de Puerto \u00c1ngel, Pochutla, y se desplaza al oeste a 11 kil\u00f3metros por hora, con vientos m\u00e1ximos de 65 kil\u00f3metros por hora y rachas de 85 kil\u00f3metros por hora.<\/p>\n\n\n\n<p>Por ello, las instancias federal y estatal advierten que podr\u00eda afectar a las regiones Istmo, Costa y Sierra Sur, adem\u00e1s de la Cuenca del Papaloapan, Sierra Norte y Mixteca, con intensas lluvias.<\/p>\n\n\n\n<p>Detallan que las amplias bandas nubosas de este sistema generan lluvias intensas a torrenciales, oleaje elevado y fuertes vientos con marejadas cicl\u00f3nicas en todo el litoral del estado.<\/p>\n\n\n\n<p>Adem\u00e1s se establece vientos por efecto de hurac\u00e1n desde San Mateo del Mar hasta Pinotepa Nacional, as\u00ed como crecidas de r\u00edos de respuesta r\u00e1pida, deslizamiento de laderas en zonas de alta pendiente e inundaciones repentinas.<\/p>\n","protected":false},"excerpt":{"rendered":"<p>Redacci\u00f3n\/Zona Roja. Oaxaca de Ju\u00e1rez, Oax., 28 de mayo de 2022.- La Depresi\u00f3n Tropical se&hellip;<\/p>\n","protected":false},"author":2,"featured_media":41707,"comment_status":"closed","ping_status":"open","sticky":false,"template":"","format":"standard","meta":{"_lmt_disableupdate":"","_lmt_disable":"","_jetpack_memberships_contains_paid_content":false,"footnotes":""},"categories":[109,47],"tags":[848],"class_list":["post-41706","post","type-post","status-publish","format-standard","has-post-thumbnail","hentry","category-minuto-a-minuto","category-zona-gris","tag-danos-lluvias-oaxaca"],"jetpack_featured_media_url":"https:\/\/zonaroja.com.mx\/wp-content\/uploads\/2022\/05\/Tormenta-Tropical-Oaxaca.jpg","jetpack_sharing_enabled":true,"_links":{"self":[{"href":"https:\/\/zonaroja.com.mx\/index.php?rest_route=\/wp\/v2\/posts\/41706","targetHints":{"allow":["GET"]}}],"collection":[{"href":"https:\/\/zonaroja.com.mx\/index.php?rest_route=\/wp\/v2\/posts"}],"about":[{"href":"https:\/\/zonaroja.com.mx\/index.php?rest_route=\/wp\/v2\/types\/post"}],"author":[{"embeddable":true,"href":"https:\/\/zonaroja.com.mx\/index.php?rest_route=\/wp\/v2\/users\/2"}],"replies":[{"embeddable":true,"href":"https:\/\/zonaroja.com.mx\/index.php?rest_route=%2Fwp%2Fv2%2Fcomments&post=41706"}],"version-history":[{"count":1,"href":"https:\/\/zonaroja.com.mx\/index.php?rest_route=\/wp\/v2\/posts\/41706\/revisions"}],"predecessor-version":[{"id":41708,"href":"https:\/\/zonaroja.com.mx\/index.php?rest_route=\/wp\/v2\/posts\/41706\/revisions\/41708"}],"wp:featuredmedia":[{"embeddable":true,"href":"https:\/\/zonaroja.com.mx\/index.php?rest_route=\/wp\/v2\/media\/41707"}],"wp:attachment":[{"href":"https:\/\/zonaroja.com.mx\/index.php?rest_route=%2Fwp%2Fv2%2Fmedia&parent=41706"}],"wp:term":[{"taxonomy":"category","embeddable":true,"href":"https:\/\/zonaroja.com.mx\/index.php?rest_route=%2Fwp%2Fv2%2Fcategories&post=41706"},{"taxonomy":"post_tag","embeddable":true,"href":"https:\/\/zonaroja.com.mx\/index.php?rest_route=%2Fwp%2Fv2%2Ftags&post=41706"}],"curies":[{"name":"wp","href":"https:\/\/api.w.org\/{rel}","templated":true}]}}