{"id":41709,"date":"2022-05-28T07:50:04","date_gmt":"2022-05-28T12:50:04","guid":{"rendered":"http:\/\/www.zonaroja.com.mx\/?p=41709"},"modified":"2022-05-28T07:50:06","modified_gmt":"2022-05-28T12:50:06","slug":"gobierno-paritario-surgido-de-las-ocho-regiones-ofrece-el-triple-a","status":"publish","type":"post","link":"https:\/\/zonaroja.com.mx\/?p=41709","title":{"rendered":"Gobierno paritario, surgido de las ocho regiones, ofrece el \u201cTriple A\u201d"},"content":{"rendered":"\n<p>Redacci\u00f3n\/Zona Roja.<\/p>\n\n\n\n<p>Oaxaca de Ju\u00e1rez, Oax., 28 de mayo de 2022. Con la presencia de miles de simpatizantes, organizaciones sociales, as\u00ed como de liderazgos del PRI y PRD, que se dieron cita en Santa Cruz Xoxocotl\u00e1n, el candidato a la gubernatura de Oaxaca, Alejandro Avil\u00e9s \u00c1lvarez afirm\u00f3 que gobernar\u00e1 la entidad de la mano de un gabinete paritario emanado de las ocho regiones, que tendr\u00e1 como tarea atender los planteamientos sociales de manera eficiente y responsable.&nbsp;<\/p>\n\n\n\n<p>\u201cTodos los miembros del gabinete ser\u00e1n de las regiones, para que no lleguen los problemas hasta la capital; gobernar\u00e9 con oaxaque\u00f1as y oaxaque\u00f1os que conozcan los pueblos, los municipios y las agencias. De tal manera que si la poblaci\u00f3n tiene alguna inconformidad, habr\u00e1 un secretario del gabinete legal que atender\u00e1 sus demandas\u201d, subray\u00f3.&nbsp;<\/p>\n\n\n\n<p>Durante este encuentro, el abanderado tricolor estuvo acompa\u00f1ado por el dirigente nacional del PRD, Jes\u00fas Zambrano Grijalva, el delegado nacional del PRI, Alejandro Guevara, el presidente municipal de Santa Cruz Xoxocotl\u00e1n, Inocente Castellanos, la diputada local, Mariana Ben\u00edtez Tiburcio, la secretaria general del PRD a nivel nacional, Adriana D\u00edaz y el ex diputado federal, H\u00e9ctor Pablo Ram\u00edrez Puga Leyva, as\u00ed como de diversas actoras y actores pol\u00edticos.&nbsp;<\/p>\n\n\n\n<p>En esta actividad, el \u201cTriple A\u201d afirm\u00f3 que las y los artesanos, empresarios, estudiantes y profesionistas, as\u00ed como los adultos mayores y personas con discapacidad, tendr\u00e1n un trato preferencial que se ver\u00e1 reflejado en el plan de gobierno desde el primer d\u00eda de su mandato.\u00a0<\/p>\n\n\n\n<figure class=\"wp-block-embed is-type-rich is-provider-twitter wp-block-embed-twitter\"><div class=\"wp-block-embed__wrapper\">\n<div class=\"twitter-tweet\"><blockquote class=\"twitter-tweet\" data-lang=\"es\"><p lang=\"es\" dir=\"ltr\"><a href=\"https:\/\/twitter.com\/hashtag\/EleccionesOaxaca2022?src=hash&amp;ref_src=twsrc%5Etfw\">#EleccionesOaxaca2022<\/a><br>Tras un acto masivo en Ejutla, y acompa\u00f1ado del l\u00edder nacional del PRD, <a href=\"https:\/\/twitter.com\/Jesus_ZambranoG?ref_src=twsrc%5Etfw\">@Jesus_ZambranoG<\/a>, el candidato a gobernador <a href=\"https:\/\/twitter.com\/_AvilesAlvarez?ref_src=twsrc%5Etfw\">@_AvilesAlvarez<\/a> fue recibido por miles de personas esta tarde en Santa Cruz Xoxocotl\u00e1n. <a href=\"https:\/\/t.co\/qjWhyRqOe2\">pic.twitter.com\/qjWhyRqOe2<\/a><\/p>&mdash; Zona Roja Oaxaca (@ZonaRoja_Oaxaca) <a href=\"https:\/\/twitter.com\/ZonaRoja_Oaxaca\/status\/1530353013654704141?ref_src=twsrc%5Etfw\">28 de mayo de 2022<\/a><\/blockquote><\/div>\n<\/div><\/figure>\n\n\n\n<p>\u201cEn los pr\u00f3ximos seis a\u00f1os pondr\u00e9 todo mi esfuerzo para que se generen espacios de educaci\u00f3n especial para ni\u00f1as y ni\u00f1os con discapacidad, porque tienen el derecho a una vida digna y de calidad como todos nosotros. Por eso, mi gobierno ser\u00e1 incluyente\u201d, agreg\u00f3.&nbsp;<\/p>\n\n\n\n<p>Durante su precierre de campa\u00f1a, Alejandro Avil\u00e9s remarc\u00f3 que su sexenio se caracterizar\u00e1 por el intenso impulso a programas y acciones que fortalezcan la participaci\u00f3n de las mujeres en el sector p\u00fablico y que atiendan sus planteamientos y demandas.&nbsp;<\/p>\n\n\n\n<p>\u201cMe comprometo a que luchar\u00e9 fuerte para que las mujeres tengan un nivel de vida de calidad, para que se respeten sus derechos y nunca m\u00e1s las violenten. Esa ser\u00e1 mi lucha durante los pr\u00f3ximos seis a\u00f1os\u201d, ponder\u00f3.&nbsp;<\/p>\n\n\n\n<p>Asimismo, en el municipio de Ejutla de Crespo, el candidato tricolor resalt\u00f3 que encabezar\u00e1 una administraci\u00f3n cercana a las necesidades de las y los campesinos y productores.<\/p>\n\n\n\n<p>\u201cVamos firmes con un solo objetivo: que gane Oaxaca. Porque Oaxaca es m\u00e1s grande que cualquier inter\u00e9s personal, \u00a1aqu\u00ed cabemos todas y todos!\u201d, enfatiz\u00f3.<\/p>\n","protected":false},"excerpt":{"rendered":"<p>Redacci\u00f3n\/Zona Roja. Oaxaca de Ju\u00e1rez, Oax., 28 de mayo de 2022. Con la presencia de&hellip;<\/p>\n","protected":false},"author":2,"featured_media":41710,"comment_status":"closed","ping_status":"open","sticky":false,"template":"","format":"standard","meta":{"_lmt_disableupdate":"","_lmt_disable":"","_jetpack_memberships_contains_paid_content":false,"footnotes":""},"categories":[109,46],"tags":[316],"class_list":["post-41709","post","type-post","status-publish","format-standard","has-post-thumbnail","hentry","category-minuto-a-minuto","category-zona-blanca","tag-alejandro-aviles-alvarez"],"jetpack_featured_media_url":"https:\/\/zonaroja.com.mx\/wp-content\/uploads\/2022\/05\/Alejandro-Aviles-y-Jesus-Zambrano.jpg","jetpack_sharing_enabled":true,"_links":{"self":[{"href":"https:\/\/zonaroja.com.mx\/index.php?rest_route=\/wp\/v2\/posts\/41709","targetHints":{"allow":["GET"]}}],"collection":[{"href":"https:\/\/zonaroja.com.mx\/index.php?rest_route=\/wp\/v2\/posts"}],"about":[{"href":"https:\/\/zonaroja.com.mx\/index.php?rest_route=\/wp\/v2\/types\/post"}],"author":[{"embeddable":true,"href":"https:\/\/zonaroja.com.mx\/index.php?rest_route=\/wp\/v2\/users\/2"}],"replies":[{"embeddable":true,"href":"https:\/\/zonaroja.com.mx\/index.php?rest_route=%2Fwp%2Fv2%2Fcomments&post=41709"}],"version-history":[{"count":1,"href":"https:\/\/zonaroja.com.mx\/index.php?rest_route=\/wp\/v2\/posts\/41709\/revisions"}],"predecessor-version":[{"id":41711,"href":"https:\/\/zonaroja.com.mx\/index.php?rest_route=\/wp\/v2\/posts\/41709\/revisions\/41711"}],"wp:featuredmedia":[{"embeddable":true,"href":"https:\/\/zonaroja.com.mx\/index.php?rest_route=\/wp\/v2\/media\/41710"}],"wp:attachment":[{"href":"https:\/\/zonaroja.com.mx\/index.php?rest_route=%2Fwp%2Fv2%2Fmedia&parent=41709"}],"wp:term":[{"taxonomy":"category","embeddable":true,"href":"https:\/\/zonaroja.com.mx\/index.php?rest_route=%2Fwp%2Fv2%2Fcategories&post=41709"},{"taxonomy":"post_tag","embeddable":true,"href":"https:\/\/zonaroja.com.mx\/index.php?rest_route=%2Fwp%2Fv2%2Ftags&post=41709"}],"curies":[{"name":"wp","href":"https:\/\/api.w.org\/{rel}","templated":true}]}}