{"id":41712,"date":"2022-05-28T07:53:49","date_gmt":"2022-05-28T12:53:49","guid":{"rendered":"http:\/\/www.zonaroja.com.mx\/?p=41712"},"modified":"2022-05-28T07:53:51","modified_gmt":"2022-05-28T12:53:51","slug":"rechaza-organizacion-articulo-19-declaraciones-de-dirigente-del-pri-nacional","status":"publish","type":"post","link":"https:\/\/zonaroja.com.mx\/?p=41712","title":{"rendered":"Rechaza organizaci\u00f3n Art\u00edculo 19 declaraciones de dirigente del PRI nacional"},"content":{"rendered":"\n<p>Redacci\u00f3n\/Estado 20.<\/p>\n\n\n\n<p>Oaxaca de Ju\u00e1rez, Oax., 28 de mayo de 2022.- Art\u00edculo 19 rechaz\u00f3 categ\u00f3ricamente las declaraciones hechas por el presidente nacional del Partido Revolucionario Institucional (PRI), Alejandro Moreno C\u00e1rdenas, en contra de la prensa y las cuales fueron filtradas por la gobernadora de Campeche, Layda Sansores.<\/p>\n\n\n\n<p>La organizaci\u00f3n, adem\u00e1s, asegur\u00f3 que no es la primera vez que el l\u00edder nacional priista violenta a la prensa y que incluso, est\u00e1 vinculado a la tortura y encarcelamiento que sufri\u00f3 un periodista en Campeche cuando fue gobernador de ese estado.<\/p>\n\n\n\n<p>En el audio difundido por Layda Sansores se escucha a Alejandro Moreno decir: \u201c[\u2026] Yo siempre lo he dicho, el hijo de puta que se pase de verga, una verguiza, verguiza salvaje. Nomas te voy a dar un dato, a los periodistas no hay que matarlos a balazos pap\u00e1, hay que matarlos de hambre\u201d.<\/p>\n\n\n\n<p>Tambi\u00e9n en el audio se escucha decir a Alejandro Moreno, presuntamente en momentos que fung\u00eda como Gobernador del Estado de Campeche, que agredir\u00e1 verbalmente al empresario Alexandro Arceo y donde violenta a la prensa, utilizando la precariedad como arma de censura.<\/p>\n\n\n\n<p>\u201cARTICLE 19 rechaza categ\u00f3ricamente las declaraciones hechas por Alejandro Moreno C\u00e1rdenas, actual presidente del Partido Revolucionario Institucional, PRI en contra de la prensa, pues denota la relaci\u00f3n de violencia y sometimiento que impera entre las autoridades pol\u00edticas y la prensa, as\u00ed como la intolerancia a la cr\u00edtica y el escrutinio p\u00fablicos\u201d.<\/p>\n\n\n\n<p>En un comunicado, Art\u00edculo 19 record\u00f3 que con base en sus registros, en 2015 cuando Alejandro Moreno era candidato a la gubernatura de Campeche, registramos dos agresiones contra periodistas vinculadas a sus campa\u00f1as electorales. M\u00e1s adelante, ya como gobernador de dicha entidad (2015-2019), esta organizaci\u00f3n document\u00f3 39 ataques contra la prensa, de las cuales, 15, es decir, el 38.46%, se relacionan directamente al gobierno de Moreno C\u00e1rdenas.<\/p>\n\n\n\n<p>El dirigente pol\u00edtico, dijo, adem\u00e1s est\u00e1 vinculado al encarcelamiento y tortura del periodista Miguel \u00c1ngel Villarino Arn\u00e1bar.<\/p>\n\n\n\n<p>En 2018, Villarino Arn\u00e1bar, uno de los periodistas a los que el gobierno de Moreno C\u00e1rdenas persigui\u00f3 y etiquet\u00f3 como \u201cenemigos de Campeche\u201d, estuvo preso 58 d\u00edas en el Centro de Reinserci\u00f3n Social (Cereso) de San Francisco Kob\u00e9n.<\/p>\n\n\n\n<p>De la misma manera, asegur\u00f3 que otro caso emblem\u00e1tico que muestra el talante autoritario de Moreno es el del medio P\u00e1gina 66.<\/p>\n\n\n\n<p>El medio sufri\u00f3 la remoci\u00f3n de contenido a trav\u00e9s de la utilizaci\u00f3n del mecanismo de \u201cnotificaci\u00f3n y retirada\u201d derivado de una una nota publicada el 10 de enero de 2018 en el portal de dicho medio de comunicaci\u00f3n, en ella informan que la empresa Interconecta -filial del Grupo Altavista- habr\u00eda firmado un contrato de casi dos millones de pesos mensuales para proveer servicios de video vigilancia urbana en las cuatro principales ciudades del estado de Campeche.<\/p>\n\n\n\n<p>\u201cLas ahora violentas declaraciones del dirigente pol\u00edtico, preocupan tambi\u00e9n pues el \u201cmatarlos de hambre\u201d enfatiza un problema de violencia estructural contra la prensa: la precariedad laboral. Seg\u00fan informaci\u00f3n recabada por ARTICLE 19, hay entidades donde la prensa gana hasta 20 pesos por nota con fotograf\u00eda publicada, es decir, que deben hacer casi 16 notas publicadas para llegar al salario m\u00ednimo\u201d.<\/p>\n\n\n\n<p>Art\u00edculo 19 enfatiz\u00f3 que utilizar la precariedad de la prensa y tomar ventaja de \u00e9sta tiene un efecto cascada que en casos de violencia letal, como el de Roberto Toledo, Jorge Luis Camero y Mois\u00e9s S\u00e1nchez, ha llevado a las autoridades a negar el v\u00ednculo de la labor period\u00edstica con sus asesinatos.<\/p>\n\n\n\n<p>\u201cLa afirmaci\u00f3n de: \u201cquien se pase de [\u2026]\u201d debe ser agredido -refiri\u00e9ndose a la prensa- muestra la intolerancia a la cr\u00edtica y al escrutinio p\u00fablicos por parte del l\u00edder pol\u00edtico, quien adem\u00e1s contraviene est\u00e1ndares internacionales sobre libertad de expresi\u00f3n, los cuales establecen que las personas servidoras p\u00fablicas o l\u00edderes pol\u00edticos est\u00e1n sujetos a un umbral de tolerancia mayor a la cr\u00edtica, debido al car\u00e1cter p\u00fablico de sus funciones\u201d.<\/p>\n\n\n\n<p>Adicionalmente, se\u00f1al\u00f3 que las afirmaciones de Alejandro Moreno son inquietantes al considerar normal agredir y matar a la prensa como una forma de censura, en un pa\u00eds donde se han asesinado a 153 personas comunicadoras del 2000 a la fecha y donde se agrede a la prensa cada 14 horas por ejercer su labor.<\/p>\n\n\n\n<p>Por todo lo anterior, la organizaci\u00f3n exigi\u00f3 a la Fiscal\u00eda General del Estado de Campeche y a la Secretar\u00eda de la Funci\u00f3n P\u00fablica estatal una investigaci\u00f3n exhaustiva, imparcial, objetiva, profesional y seria sobre los actos de censura perpetrados durante la gesti\u00f3n de Alejandro Moreno como gobernador de aquella entidad. Para ello deber\u00e1 considerar los patrones de violencia contra las personas periodistas durante su sexenio as\u00ed como el ambiente de permisividad para perpetrar este tipo de actos por parte del resto de la administraci\u00f3n p\u00fablica.<\/p>\n\n\n\n<p>Exigi\u00f3 tambi\u00e9n a Alejandro Moreno C\u00e1rdenas una disculpa p\u00fablica dirigida a toda la prensa, donde adem\u00e1s reconozca la labor fundamental que tiene el periodismo en una sociedad democr\u00e1tica<\/p>\n\n\n\n<p>Y finalmente hizo un en\u00e9rgico llamado a todos los partidos pol\u00edticos a comprometerse con el respeto a la libertad de expresi\u00f3n y al libre ejercicio period\u00edstico, \u201cello atendiendo a un contexto de suma hostilidad contra la prensa desde todas las expresiones partidistas\u201d.<\/p>\n","protected":false},"excerpt":{"rendered":"<p>Redacci\u00f3n\/Estado 20. Oaxaca de Ju\u00e1rez, Oax., 28 de mayo de 2022.- Art\u00edculo 19 rechaz\u00f3 categ\u00f3ricamente&hellip;<\/p>\n","protected":false},"author":2,"featured_media":41350,"comment_status":"closed","ping_status":"open","sticky":false,"template":"","format":"standard","meta":{"_lmt_disableupdate":"","_lmt_disable":"","_jetpack_memberships_contains_paid_content":false,"footnotes":""},"categories":[109,47],"tags":[314],"class_list":["post-41712","post","type-post","status-publish","format-standard","has-post-thumbnail","hentry","category-minuto-a-minuto","category-zona-gris","tag-alejandro-moreno-cardenas"],"jetpack_featured_media_url":"https:\/\/zonaroja.com.mx\/wp-content\/uploads\/2022\/05\/Alejandro-Moreno-Cardenas.jpeg","jetpack_sharing_enabled":true,"_links":{"self":[{"href":"https:\/\/zonaroja.com.mx\/index.php?rest_route=\/wp\/v2\/posts\/41712","targetHints":{"allow":["GET"]}}],"collection":[{"href":"https:\/\/zonaroja.com.mx\/index.php?rest_route=\/wp\/v2\/posts"}],"about":[{"href":"https:\/\/zonaroja.com.mx\/index.php?rest_route=\/wp\/v2\/types\/post"}],"author":[{"embeddable":true,"href":"https:\/\/zonaroja.com.mx\/index.php?rest_route=\/wp\/v2\/users\/2"}],"replies":[{"embeddable":true,"href":"https:\/\/zonaroja.com.mx\/index.php?rest_route=%2Fwp%2Fv2%2Fcomments&post=41712"}],"version-history":[{"count":1,"href":"https:\/\/zonaroja.com.mx\/index.php?rest_route=\/wp\/v2\/posts\/41712\/revisions"}],"predecessor-version":[{"id":41713,"href":"https:\/\/zonaroja.com.mx\/index.php?rest_route=\/wp\/v2\/posts\/41712\/revisions\/41713"}],"wp:featuredmedia":[{"embeddable":true,"href":"https:\/\/zonaroja.com.mx\/index.php?rest_route=\/wp\/v2\/media\/41350"}],"wp:attachment":[{"href":"https:\/\/zonaroja.com.mx\/index.php?rest_route=%2Fwp%2Fv2%2Fmedia&parent=41712"}],"wp:term":[{"taxonomy":"category","embeddable":true,"href":"https:\/\/zonaroja.com.mx\/index.php?rest_route=%2Fwp%2Fv2%2Fcategories&post=41712"},{"taxonomy":"post_tag","embeddable":true,"href":"https:\/\/zonaroja.com.mx\/index.php?rest_route=%2Fwp%2Fv2%2Ftags&post=41712"}],"curies":[{"name":"wp","href":"https:\/\/api.w.org\/{rel}","templated":true}]}}